{"id":1025,"date":"2023-05-05T04:26:18","date_gmt":"2023-05-05T07:26:18","guid":{"rendered":"https:\/\/medicinaatual.com.br\/blog\/?p=1025"},"modified":"2023-05-05T04:26:18","modified_gmt":"2023-05-05T07:26:18","slug":"meu-bebe-tomava-mamadeira-e-agora-nao-quer-mais-bebe-nao-aceita-formula-e-nao-amamentou-devido-a-problemas-de-saude","status":"publish","type":"post","link":"https:\/\/medicinaatual.com.br\/blog\/index.php\/2023\/05\/05\/meu-bebe-tomava-mamadeira-e-agora-nao-quer-mais-bebe-nao-aceita-formula-e-nao-amamentou-devido-a-problemas-de-saude\/","title":{"rendered":"Meu Beb\u00ea Tomava Mamadeira E Agora N\u00e3o Quer Mais: Beb\u00ea n\u00e3o aceita f\u00f3rmula e n\u00e3o amamentou devido a problemas de sa\u00fade."},"content":{"rendered":"<p>Desde os primeiros dias de vida, a mamadeira foi a companheira insepar\u00e1vel do seu beb\u00ea. Mas, agora, as coisas mudaram. Ele simplesmente se recusa a tomar f\u00f3rmula ou qualquer outro substituto do leite materno. Essa situa\u00e7\u00e3o pode ser ainda mais complicada quando o beb\u00ea n\u00e3o p\u00f4de ser amamentado devido a problemas de sa\u00fade. Nessa hora, muitos pais ficam sem saber o que fazer. Mas n\u00e3o se preocupe, neste artigo vamos explorar as poss\u00edveis causas e solu\u00e7\u00f5es para esse desafio. Se voc\u00ea est\u00e1 passando por essa situa\u00e7\u00e3o, continue lendo!<\/p>\n<h2>1. A Jornada do Beb\u00ea que Recusou a Mamadeira: Como Lidar com a Transi\u00e7\u00e3o para a Alimenta\u00e7\u00e3o S\u00f3lida?<\/h2>\n<p>Passar pela transi\u00e7\u00e3o da alimenta\u00e7\u00e3o l\u00edquida para a s\u00f3lida pode ser um desafio tanto para os beb\u00eas quando para os pais. Alguns beb\u00eas podem recusar a mamadeira e demonstrar interesse em alimentos s\u00f3lidos mais cedo do que o esperado, o que pode deixar os pais preocupados. Mas como lidar com essa fase importante do desenvolvimento do beb\u00ea?<\/p>\n<p>Uma coisa importante \u00e9 estar atento \u00e0s indica\u00e7\u00f5es do pediatra em rela\u00e7\u00e3o \u00e0 idade recomendada para a introdu\u00e7\u00e3o dos alimentos s\u00f3lidos. Uma vez que o beb\u00ea atinja essa idade, os pais podem experimentar alguns alimentos diferentes e observar a rea\u00e7\u00e3o do beb\u00ea, sempre respeitando suas prefer\u00eancias e limita\u00e7\u00f5es.<\/p>\n<ul>\n<li>Alguns sinais de que seu beb\u00ea est\u00e1 pronto para os alimentos s\u00f3lidos incluem:<\/li>\n<ul>\n<li>Capacidade de sentar sem ajuda e manter a cabe\u00e7a ereta<\/li>\n<li>Interesse em observar e pegar alimentos<\/li>\n<li>Perda do reflexo de empurrar a l\u00edngua para fora da boca<\/li>\n<\/ul>\n<\/ul>\n<table>\n<tr>\n<th>Alimentos recomendados:<\/th>\n<th>Alimentos a serem evitados:<\/th>\n<\/tr>\n<tr>\n<td>\n<ul>\n<li>Frutas amassadas<\/li>\n<li>Vegetais cozidos amassados<\/li>\n<li>Cereais infantis fortificados<\/li>\n<\/ul>\n<\/td>\n<td>\n<ul>\n<li>Mel<\/li>\n<li>Sal<\/li>\n<li>A\u00e7\u00facar<\/li>\n<li>Suco de frutas<\/li>\n<\/ul>\n<\/td>\n<\/tr>\n<\/table>\n<p>Lembre-se de que a transi\u00e7\u00e3o para a alimenta\u00e7\u00e3o s\u00f3lida \u00e9 um processo gradual e pode levar algum tempo para que seu beb\u00ea se acostume com novos sabores e texturas. Nesse sentido, \u00e9 importante oferecer alimentos variados e saud\u00e1veis, respeitar os sinais de saciedade do beb\u00ea e nunca for\u00e7\u00e1-lo a comer.<\/p>\n<h2>2. Quando a F\u00f3rmula N\u00e3o \u00e9 uma Op\u00e7\u00e3o: Conhe\u00e7a as Alternativas para Alimentar seu Beb\u00ea com Problemas de Sa\u00fade<\/h2>\n<p><strong>Amamenta\u00e7\u00e3o n\u00e3o \u00e9 uma op\u00e7\u00e3o para todos os beb\u00eas. \u00c0s vezes, problemas de sa\u00fade podem impedir que seus filhos recebam os nutrientes de que precisam. Felizmente, existem solu\u00e7\u00f5es alternativas que podem ajudar.<\/strong><\/p>\n<p>Em alguns casos, beb\u00eas podem ter alergia \u00e0 prote\u00edna do leite de vaca ou dificuldades para digerir lactose. Isso pode levar a c\u00f3licas, diarreia e outros problemas de sa\u00fade. Se voc\u00ea precisa encontrar uma alternativa para a amamenta\u00e7\u00e3o ou f\u00f3rmula tradicional, considere op\u00e7\u00f5es como:<\/p>\n<ul>\n<li>Leite de soja, cabra ou ovelha<\/li>\n<li>F\u00f3rmulas especiais, sem gl\u00faten ou prote\u00ednas de leite de vaca<\/li>\n<li>F\u00f3rmulas a base de amino\u00e1cidos<\/li>\n<\/ul>\n<p>Se voc\u00ea n\u00e3o tem certeza do que pode funcionar melhor para o seu beb\u00ea, fale com um pediatra ou nutricionista especializado em nutri\u00e7\u00e3o infantil. Eles podem ajudar a encontrar uma solu\u00e7\u00e3o personalizada para as necessidades de sa\u00fade do seu beb\u00ea.<\/p>\n<table style=\"width:100%\">\n<tr>\n<th> Op\u00e7\u00e3o <\/th>\n<th> Descri\u00e7\u00e3o <\/th>\n<\/tr>\n<tr>\n<td> Leite de Soja <\/td>\n<td> \u00c0s vezes recomendado como alternativa para beb\u00eas com alergia a prote\u00edna do leite de vaca. Certifique-se de escolher um leite enriquecido com c\u00e1lcio e vitaminas <\/td>\n<\/tr>\n<tr>\n<td> F\u00f3rmulas sem gl\u00faten ou prote\u00ednas de leite de vaca <\/td>\n<td> Dispon\u00edveis com v\u00e1rias op\u00e7\u00f5es para crian\u00e7as com diferentes necessidades. Algumas op\u00e7\u00f5es incluem f\u00f3rmulas sem prote\u00edna de leite de vaca e sem gl\u00faten. <\/td>\n<\/tr>\n<tr>\n<td> F\u00f3rmulas \u00e0 base de amino\u00e1cidos <\/td>\n<td> Recomendado para beb\u00eas que n\u00e3o podem tolerar prote\u00edna de leite de vaca e outras f\u00f3rmulas. Essas f\u00f3rmulas cont\u00eam amino\u00e1cidos necess\u00e1rios para o crescimento e desenvolvimento adequados do beb\u00ea. <\/td>\n<\/tr>\n<\/table>\n<h2>3. Cuidados Especiais com a Amamenta\u00e7\u00e3o: Orienta\u00e7\u00f5es para Pais de Beb\u00eas que Precisam de Apoio M\u00e9dico<\/h2>\n<p>Durante o processo de amamenta\u00e7\u00e3o de beb\u00eas que precisam de apoio m\u00e9dico, \u00e9 importante tomar alguns cuidados especiais para garantir que o beb\u00ea receba o leite materno de forma adequada e segura. Confira abaixo algumas orienta\u00e7\u00f5es:<\/p>\n<ul>\n<li><b>Posicionamento adequado:<\/b> Posicione o beb\u00ea de forma que ele esteja alinhado com o mamilo e a boca esteja bem aberta para que possa sugar corretamente.<\/li>\n<li><b>Frequ\u00eancia da amamenta\u00e7\u00e3o:<\/b> Ofere\u00e7a o peito ao beb\u00ea sempre que ele apresentar sinais de fome, em geral, a frequ\u00eancia \u00e9 de 8 a 12 vezes por dia.<\/li>\n<li><b>Cuidado com a higiene:<\/b> Mantenha as m\u00e3os sempre limpas antes de amamentar o beb\u00ea e limpe o mamilo com \u00e1gua antes e depois das mamadas.<\/li>\n<\/ul>\n<p>Tamb\u00e9m \u00e9 importante procurar ajuda de um profissional de sa\u00fade caso o beb\u00ea apresente dificuldades para mamar, como problemas de suc\u00e7\u00e3o ou baixo ganho de peso. Al\u00e9m disso, \u00e9 necess\u00e1rio ficar atento a poss\u00edveis sinais de infec\u00e7\u00f5es mam\u00e1rias, que podem ocorrer quando h\u00e1 problemas de amamenta\u00e7\u00e3o. Seguindo essas orienta\u00e7\u00f5es, a amamenta\u00e7\u00e3o pode ser um momento prazeroso e saud\u00e1vel para m\u00e3e e beb\u00ea. <\/p>\n<table>\n<tr>\n<th>Indicadores de que o beb\u00ea est\u00e1 mamando o suficiente:<\/th>\n<\/tr>\n<tr>\n<td>1. O beb\u00ea faz xixi cerca de seis a oito vezes por dia;<\/td>\n<\/tr>\n<tr>\n<td>2. O beb\u00ea apresenta fezes amolecidas todos os dias;<\/td>\n<\/tr>\n<tr>\n<td>3. O beb\u00ea ganha peso regularmente;<\/td>\n<\/tr>\n<tr>\n<td>4. O beb\u00ea mama de forma tranquila e relaxada.<\/td>\n<\/tr>\n<\/table>\n<h2>4. O Desafio da Introdu\u00e7\u00e3o Alimentar: Dicas para Pais que Enfrentam a Resist\u00eancia dos Beb\u00eas na Hora de Comer<\/h2>\n<p>Chega a hora de introduzir alimentos s\u00f3lidos na dieta do beb\u00ea e muitos pais encontram resist\u00eancia por parte dos pequenos. \u00c9 importante lembrar que cada beb\u00ea tem seu pr\u00f3prio ritmo. Algumas dicas podem ajudar a tornar esse momento mais f\u00e1cil, confira!<\/p>\n<ul>\n<li><b>Introduzir novos alimentos lentamente:<\/b> o beb\u00ea precisa de tempo para se adaptar ao sabor e textura de novos alimentos.<\/li>\n<li><b>Oferecer sempre:<\/b> mesmo que o beb\u00ea recuse na primeira vez, \u00e9 importante oferecer novamente em outra oportunidade.<\/li>\n<li><b>Variedade:<\/b> oferecer diferentes tipos de alimentos e formas de preparo, para estimular o paladar e a curiosidade do beb\u00ea.<\/li>\n<li><b>N\u00e3o for\u00e7ar:<\/b> o beb\u00ea deve decidir quanto quer comer, nunca for\u00e7ar a quantidade ou obriga-lo a comer algo que n\u00e3o quer.<\/li>\n<\/ul>\n<p>Alguns alimentos s\u00e3o mais recomendados para come\u00e7ar a introdu\u00e7\u00e3o alimentar, dessa forma o beb\u00ea pode ir conhecendo novos sabores e texturas aos poucos. Confira alguns exemplos:<\/p>\n<table>\n<tr>\n<th>Alimentos<\/th>\n<th><\/th>\n<\/tr>\n<tr>\n<td>Frutas amassadas: banana, pera, ma\u00e7\u00e3, manga<\/td>\n<td>Azeda, c\u00edtricos e frutas vermelhas (morango, framboesa, amora) podem causar rea\u00e7\u00f5es al\u00e9rgicas.<\/td>\n<\/tr>\n<tr>\n<td>Legumes cozidos amassados: cenoura, batata, chuchu, abobrinha<\/td>\n<td>Evitar legumes que possam causar gases (br\u00f3colis, couve-flor, cebola) e os muito \u00e1cidos (tomate, piment\u00e3o).<\/td>\n<\/tr>\n<tr>\n<td>Cereais: arroz, aveia, quinua<\/td>\n<td>Eles podem ser misturados nas frutas ou legumes para enriquecer a refei\u00e7\u00e3o.<\/td>\n<\/tr>\n<\/table>\n<p> E assim conclu\u00edmos esta trajet\u00f3ria. Sabemos que a transi\u00e7\u00e3o de mamadeira para outros m\u00e9todos de alimenta\u00e7\u00e3o pode n\u00e3o ser uma tarefa f\u00e1cil. Quando se trata de beb\u00eas, muitas vezes problemas de sa\u00fade fazem parte dessa equa\u00e7\u00e3o. O importante \u00e9 sempre buscar ajuda m\u00e9dica e profissional especializado para encontrar solu\u00e7\u00f5es que melhor atendam \u00e0s necessidades do seu beb\u00ea. Lembre-se que cada beb\u00ea \u00e9 \u00fanico e possui suas particularidades. Portanto, \u00e9 fundamental respeitar o tempo, o ritmo e as prefer\u00eancias de cada um. Siga sempre em frente com amor, paci\u00eancia e muita empatia.<\/p>\n<p><img decoding=\"async\" src=\"https:\/\/alvolocal.com\/conteudo\/wp-content\/uploads\/2023\/04\/6830-meu-bebe-tomava-mamadeira-e-agora-nao-quer-mais-bebe-nao-aceita-formula-e-nao-amamentou-devido-a-problemas-de-saude.jpg\" alt=\"Meu Beb\u00ea Tomava Mamadeira E Agora N\u00e3o Quer Mais: Beb\u00ea n\u00e3o aceita f\u00f3rmula e n\u00e3o amamentou devido a problemas de sa\u00fade.\" ><\/p>\n","protected":false},"excerpt":{"rendered":"<p>Meu beb\u00ea tomava mamadeira desde o nascimento, mas agora, por algum motivo desconhecido, ele se recusa a tomar a f\u00f3rmula. Eu tive problemas de sa\u00fade e n\u00e3o pude amament\u00e1-lo desde o come\u00e7o, ent\u00e3o me sinto um pouco perdida. Mas estou disposta a encontrar uma solu\u00e7\u00e3o para o meu pequeno.<\/p>\n","protected":false},"author":1,"featured_media":1346,"comment_status":"open","ping_status":"open","sticky":false,"template":"","format":"standard","meta":[],"categories":[5,3,4],"tags":[],"aioseo_notices":[],"_links":{"self":[{"href":"https:\/\/medicinaatual.com.br\/blog\/index.php\/wp-json\/wp\/v2\/posts\/1025"}],"collection":[{"href":"https:\/\/medicinaatual.com.br\/blog\/index.php\/wp-json\/wp\/v2\/posts"}],"about":[{"href":"https:\/\/medicinaatual.com.br\/blog\/index.php\/wp-json\/wp\/v2\/types\/post"}],"author":[{"embeddable":true,"href":"https:\/\/medicinaatual.com.br\/blog\/index.php\/wp-json\/wp\/v2\/users\/1"}],"replies":[{"embeddable":true,"href":"https:\/\/medicinaatual.com.br\/blog\/index.php\/wp-json\/wp\/v2\/comments?post=1025"}],"version-history":[{"count":0,"href":"https:\/\/medicinaatual.com.br\/blog\/index.php\/wp-json\/wp\/v2\/posts\/1025\/revisions"}],"wp:featuredmedia":[{"embeddable":true,"href":"https:\/\/medicinaatual.com.br\/blog\/index.php\/wp-json\/wp\/v2\/media\/1346"}],"wp:attachment":[{"href":"https:\/\/medicinaatual.com.br\/blog\/index.php\/wp-json\/wp\/v2\/media?parent=1025"}],"wp:term":[{"taxonomy":"category","embeddable":true,"href":"https:\/\/medicinaatual.com.br\/blog\/index.php\/wp-json\/wp\/v2\/categories?post=1025"},{"taxonomy":"post_tag","embeddable":true,"href":"https:\/\/medicinaatual.com.br\/blog\/index.php\/wp-json\/wp\/v2\/tags?post=1025"}],"curies":[{"name":"wp","href":"https:\/\/api.w.org\/{rel}","templated":true}]}}