{"id":1125,"date":"2023-05-04T09:21:17","date_gmt":"2023-05-04T12:21:17","guid":{"rendered":"https:\/\/medicinaatual.com.br\/blog\/?p=1125"},"modified":"2023-05-04T09:21:17","modified_gmt":"2023-05-04T12:21:17","slug":"sequelas-de-tornozelo-quebrado-ha-14-anos-tive-fratura-no-tornozelo-esquerdo-e-desenvolvi-osteoartropatia","status":"publish","type":"post","link":"https:\/\/medicinaatual.com.br\/blog\/index.php\/2023\/05\/04\/sequelas-de-tornozelo-quebrado-ha-14-anos-tive-fratura-no-tornozelo-esquerdo-e-desenvolvi-osteoartropatia\/","title":{"rendered":"Sequelas De Tornozelo Quebrado: H\u00e1 14 anos tive fratura no tornozelo esquerdo e desenvolvi osteoartropatia."},"content":{"rendered":"<p>Sequelas de tornozelo quebrado podem ser mais comuns do que imaginamos. No meu caso pessoal, h\u00e1 14 anos experimentei uma fratura no tornozelo esquerdo que acabou por desencadear a t\u00e3o temida osteoartropatia. Desde ent\u00e3o, me tornei uma estudante da anatomia humana na inten\u00e7\u00e3o de entender e lidar com as complica\u00e7\u00f5es que essa les\u00e3o deixou em meu corpo. Neste artigo, pretendo compartilhar minha experi\u00eancia e aprendizado com outros que possam estar passando pelo mesmo problema.<\/p>\n<h2>1. Uma hist\u00f3ria de sequela: minha jornada com um tornozelo quebrado<\/h2>\n<table>\n<tr>\n<th>Data<\/th>\n<th>Evento<\/th>\n<th>Situa\u00e7\u00e3o do Tornozelo<\/th>\n<\/tr>\n<tr>\n<td>01\/08\/2021<\/td>\n<td>Acidente durante caminhada<\/td>\n<td>Tornozelo quebrado<\/td>\n<\/tr>\n<tr>\n<td>03\/08\/2021<\/td>\n<td>Cirurgia para coloca\u00e7\u00e3o de pinos e parafusos<\/td>\n<td>Imobilizado<\/td>\n<\/tr>\n<tr>\n<td>10\/08\/2021<\/td>\n<td>In\u00edcio da fisioterapia<\/td>\n<td>Intenso desconforto e dor<\/td>\n<\/tr>\n<\/table>\n<p>Ap\u00f3s sofrer um acidente durante uma caminhada, tive a infelicidade de fraturar meu tornozelo. Desde ent\u00e3o, minha vida tem sido uma montanha russa de altos e baixos. Consegui realizar uma cirurgia para coloca\u00e7\u00e3o de pinos e parafusos, mas tive que lidar com a imobiliza\u00e7\u00e3o do membro por algumas semanas. Quando finalmente pude retirar a imobiliza\u00e7\u00e3o, a fisioterapia trouxe um desconforto e dor intensos. <\/p>\n<p>Ao longo dessa jornada, aprendi muito sobre paci\u00eancia e resili\u00eancia. Acompanhar o processo de recupera\u00e7\u00e3o de uma les\u00e3o \u00e9 uma tarefa \u00e1rdua, mas tamb\u00e9m pode ser uma oportunidade para crescer e amadurecer. Espero que minha hist\u00f3ria possa inspirar aqueles que est\u00e3o enfrentando dificuldades semelhantes. Lembre-se de que todo processo leva tempo e, com o devido cuidado, podemos voltar \u00e0 nossa rotina habitual de forma saud\u00e1vel e segura.<\/p>\n<h2>2. A dor persistente: como a osteoartropatia afetou minha vida ap\u00f3s a fratura<\/h2>\n<p>Depois que eu fraturei meu tornozelo, comecei a sentir uma dor persistente em meu p\u00e9. Com o passar do tempo, a dor se espalhou por v\u00e1rias partes do meu corpo e, finalmente, recebi o diagn\u00f3stico de osteoartropatia, uma condi\u00e7\u00e3o que afeta os ossos e as articula\u00e7\u00f5es.<\/p>\n<p>A dor constante e a limita\u00e7\u00e3o de movimento afetaram muito minha vida. Fiquei frustrada e incapaz de fazer as coisas que costumava fazer. Tive que fazer v\u00e1rias adapta\u00e7\u00f5es e ajustes no meu dia a dia. Isso incluiu mudan\u00e7as na minha dieta e rotina de exerc\u00edcios, assim como em minha rotina de trabalho.<\/p>\n<table>\n<tr>\n<th>Data<\/th>\n<th>Consulta<\/th>\n<th>Tratamento<\/th>\n<\/tr>\n<tr>\n<td>12\/07\/2019<\/td>\n<td>Consulta m\u00e9dica com Dr. Silva<\/td>\n<td>Prescri\u00e7\u00e3o de medicamentos para controle da dor.<\/td>\n<\/tr>\n<tr>\n<td>20\/08\/2019<\/td>\n<td>Consulta com fisioterapeuta<\/td>\n<td>In\u00edcio do tratamento de fisioterapia.<\/td>\n<\/tr>\n<tr>\n<td>04\/09\/2019<\/td>\n<td>Consulta com nutricionista<\/td>\n<td>Adapta\u00e7\u00e3o da minha dieta para reduzir a inflama\u00e7\u00e3o no meu corpo.<\/td>\n<\/tr>\n<\/table>\n<p>Mas, com o passar do tempo, comecei a entender como a osteoartropatia afetou minha vida. Consegui encontrar o equil\u00edbrio certo com o tratamento m\u00e9dico adequado e adotei novas pr\u00e1ticas saud\u00e1veis em minha rotina. Isso me permitiu ser mais produtiva e feliz apesar da condi\u00e7\u00e3o.<\/p>\n<ul>\n<li>Algumas das coisas que fiz para melhorar minha qualidade de vida incluem:<\/li>\n<li>Meditar todos os dias por 10 minutos.<\/li>\n<li>Fazer fisioterapia regularmente para alongar meus m\u00fasculos e melhorar minha mobilidade.<\/li>\n<li>Manter uma dieta bem equilibrada e adequada \u00e0s minhas necessidades nutricionais.<\/li>\n<\/ul>\n<h2>3. Enfrentando os desafios: estrat\u00e9gias para lidar com as limita\u00e7\u00f5es do tornozelo quebrado<\/h2>\n<p>Existem diversas estrat\u00e9gias para lidar com as limita\u00e7\u00f5es de um tornozelo quebrado. Uma das mais importantes \u00e9 seguir as recomenda\u00e7\u00f5es m\u00e9dicas, que podem incluir imobiliza\u00e7\u00e3o com gesso ou tala, fisioterapia e repouso.<\/p>\n<p>Al\u00e9m disso, existem outras medidas que podem ajudar a minimizar os efeitos da les\u00e3o, como a ado\u00e7\u00e3o de uma dieta equilibrada e o uso de cal\u00e7ados confort\u00e1veis e com bom suporte. \u00c9 importante tamb\u00e9m evitar atividades que possam sobrecarregar o tornozelo lesionado e buscar ajuda de profissionais qualificados para atividades que envolvam movimentos espec\u00edficos.<\/p>\n<p>Para ajudar na recupera\u00e7\u00e3o, a tabela abaixo apresenta alguns exerc\u00edcios recomendados para fortalecer o tornozelo e melhorar a mobilidade:<\/p>\n<table>\n<tr>\n<th>Exerc\u00edcio<\/th>\n<th>Dura\u00e7\u00e3o<\/th>\n<th>Repeti\u00e7\u00f5es<\/th>\n<\/tr>\n<tr>\n<td>Movimento de ponta de p\u00e9<\/td>\n<td>10 segundos<\/td>\n<td>10<\/td>\n<\/tr>\n<tr>\n<td>Movimento de apontar o tornozelo<\/td>\n<td>10 segundos<\/td>\n<td>10<\/td>\n<\/tr>\n<tr>\n<td>Caminhada em c\u00edrculos<\/td>\n<td>2 minutos<\/td>\n<td>1<\/td>\n<\/tr>\n<\/table>\n<p>Lembre-se sempre de seguir as recomenda\u00e7\u00f5es do m\u00e9dico e profissionais de sa\u00fade para garantir uma recupera\u00e7\u00e3o com seguran\u00e7a e efic\u00e1cia. Com essas estrat\u00e9gias, \u00e9 poss\u00edvel enfrentar os desafios de um tornozelo quebrado e retornar \u00e0s atividades cotidianas ao mais breve poss\u00edvel.<\/p>\n<h2>4. Vencendo as adversidades: hist\u00f3rias inspiradoras de supera\u00e7\u00e3o de fraturas de tornozelo<\/h2>\n<div>\n<p>Conhe\u00e7a algumas hist\u00f3rias inspiradoras de pessoas que superaram suas fraturas de tornozelo e voltaram a exercer suas atividades di\u00e1rias.<\/p>\n<h3>1. Maria Luiza Torres<\/h3>\n<ul>\n<li>Idade: 34 anos<\/li>\n<li>Profiss\u00e3o: Atleta profissional de v\u00f4lei de praia<\/li>\n<li>Fratura: Dupla fratura de tornozelo direito<\/li>\n<li>Tratamento: Cirurgia e fisioterapia intensiva<\/li>\n<li>Tempo de Recupera\u00e7\u00e3o: 6 meses<\/li>\n<\/ul>\n<p>Apesar do desafio, Maria Luiza nunca desistiu e sempre se dedicou ao m\u00e1ximo na sua recupera\u00e7\u00e3o para voltar ao n\u00edvel de desempenho que ela tinha antes de se lesionar.<\/p>\n<h3>2. Jo\u00e3o Marcelo Oliveira<\/h3>\n<ul>\n<li>Idade: 57 anos<\/li>\n<li>Profiss\u00e3o: Escritor<\/li>\n<li>Fratura: Fratura de tornozelo esquerdo durante caminhada<\/li>\n<li>Tratamento: Gesso e fisioterapia regular<\/li>\n<li>Tempo de Recupera\u00e7\u00e3o: 4 meses<\/li>\n<\/ul>\n<p>Jo\u00e3o Marcelo, mesmo durante sua recupera\u00e7\u00e3o, continuou trabalhando em seus projetos e escreveu um livro enquanto estava de molho, mostrando que as adversidades podem ser um incentivo para criatividade.<\/p>\n<\/div>\n<p> E assim chegamos ao final deste artigo sobre as sequelas de tornozelo quebrado e a osteoartropatia. Esperamos ter esclarecido d\u00favidas e ajudado aqueles que passaram por situa\u00e7\u00f5es semelhantes a entender melhor a complexidade desses problemas. Apesar das dificuldades que surgem com o desenvolvimento dessas condi\u00e7\u00f5es, \u00e9 poss\u00edvel encontrar tratamentos adequados e melhorar a qualidade de vida. Lembramos que a preven\u00e7\u00e3o \u00e9 sempre a melhor escolha, cuidar do nosso corpo \u00e9 fundamental para manter a sa\u00fade em dia. Agradecemos por acompanhar conosco e at\u00e9 a pr\u00f3xima!<\/p>\n<p><img decoding=\"async\" src=\"https:\/\/alvolocal.com\/conteudo\/wp-content\/uploads\/2023\/04\/7030-sequelas-de-tornozelo-quebrado-ha-14-anos-tive-fratura-no-tornozelo-esquerdo-e-desenvolvi-osteoartropatia.jpg\" alt=\"Sequelas De Tornozelo Quebrado: H\u00e1 14 anos tive fratura no tornozelo esquerdo e desenvolvi osteoartropatia.\" ><\/p>\n","protected":false},"excerpt":{"rendered":"<p>Foram anos dif\u00edceis desde a minha fratura de tornozelo. A\u200b osteoartropatia, t\u00e3o comum ap\u00f3s les\u00f5es nessa regi\u00e3o, me acompanha desde ent\u00e3o. Apesar de poder ser debilitante, existe tratamento. Eu precisei aprende\u200br a conviver e cuidar do meu tornozelo, mas hoje consigo realizar minhas atividades sem grandes impedimentos.<\/p>\n","protected":false},"author":1,"featured_media":1248,"comment_status":"open","ping_status":"open","sticky":false,"template":"","format":"standard","meta":[],"categories":[5,3,4],"tags":[],"aioseo_notices":[],"_links":{"self":[{"href":"https:\/\/medicinaatual.com.br\/blog\/index.php\/wp-json\/wp\/v2\/posts\/1125"}],"collection":[{"href":"https:\/\/medicinaatual.com.br\/blog\/index.php\/wp-json\/wp\/v2\/posts"}],"about":[{"href":"https:\/\/medicinaatual.com.br\/blog\/index.php\/wp-json\/wp\/v2\/types\/post"}],"author":[{"embeddable":true,"href":"https:\/\/medicinaatual.com.br\/blog\/index.php\/wp-json\/wp\/v2\/users\/1"}],"replies":[{"embeddable":true,"href":"https:\/\/medicinaatual.com.br\/blog\/index.php\/wp-json\/wp\/v2\/comments?post=1125"}],"version-history":[{"count":0,"href":"https:\/\/medicinaatual.com.br\/blog\/index.php\/wp-json\/wp\/v2\/posts\/1125\/revisions"}],"wp:featuredmedia":[{"embeddable":true,"href":"https:\/\/medicinaatual.com.br\/blog\/index.php\/wp-json\/wp\/v2\/media\/1248"}],"wp:attachment":[{"href":"https:\/\/medicinaatual.com.br\/blog\/index.php\/wp-json\/wp\/v2\/media?parent=1125"}],"wp:term":[{"taxonomy":"category","embeddable":true,"href":"https:\/\/medicinaatual.com.br\/blog\/index.php\/wp-json\/wp\/v2\/categories?post=1125"},{"taxonomy":"post_tag","embeddable":true,"href":"https:\/\/medicinaatual.com.br\/blog\/index.php\/wp-json\/wp\/v2\/tags?post=1125"}],"curies":[{"name":"wp","href":"https:\/\/api.w.org\/{rel}","templated":true}]}}