{"id":1147,"date":"2023-04-29T17:15:53","date_gmt":"2023-04-29T20:15:53","guid":{"rendered":"https:\/\/medicinaatual.com.br\/blog\/?p=1147"},"modified":"2023-04-29T17:15:53","modified_gmt":"2023-04-29T20:15:53","slug":"sindrome-de-klippel-feil-sindrome-de-klippel-feil-perguntas-frequentes","status":"publish","type":"post","link":"https:\/\/medicinaatual.com.br\/blog\/index.php\/2023\/04\/29\/sindrome-de-klippel-feil-sindrome-de-klippel-feil-perguntas-frequentes\/","title":{"rendered":"Sindrome De Klippel Feil: S\u00edndrome de Klippel-Feil Perguntas Frequentes"},"content":{"rendered":"<p>A s\u00edndrome de Klippel-Feil \u00e9 uma condi\u00e7\u00e3o rara que afeta cerca de uma a cada 40 mil pessoas. Ela \u00e9 caracterizada pela fus\u00e3o anormal de duas ou mais v\u00e9rtebras cervicais, o que pode causar v\u00e1rias complica\u00e7\u00f5es, incluindo problemas no sistema nervoso central e perif\u00e9rico. Devido \u00e0 sua raridade, muitas pessoas t\u00eam perguntas e d\u00favidas sobre essa s\u00edndrome. Neste artigo, vamos responder \u00e0s perguntas mais frequentes sobre a s\u00edndrome de Klippel-Feil e fornecer informa\u00e7\u00f5es valiosas sobre como lidar com ela.<\/p>\n<h2>1. O que \u00e9 a S\u00edndrome de Klippel-Feil?<\/h2>\n<p>A s\u00edndrome de Klippel-Feil \u00e9 uma condi\u00e7\u00e3o rara que se caracteriza pela fus\u00e3o cong\u00eanita de duas ou mais v\u00e9rtebras cervicais. Essa fus\u00e3o pode ocorrer de diferentes maneiras e em diferentes n\u00edveis da coluna vertebral, levando a sintomas variados. A s\u00edndrome tamb\u00e9m pode ser acompanhada de outras anomalias, como m\u00e1 forma\u00e7\u00e3o de ossos da face, anomalias renais e card\u00edacas.<\/p>\n<p>Os sintomas da s\u00edndrome de Klippel-Feil podem variar muito, de acordo com a extens\u00e3o e localiza\u00e7\u00e3o da fus\u00e3o vertebral. Entre os sintomas mais comuns est\u00e3o a limita\u00e7\u00e3o da movimenta\u00e7\u00e3o do pesco\u00e7o, dor cervical, deformidade da coluna cervical, dor de cabe\u00e7a, diminui\u00e7\u00e3o da sensibilidade nos membros superiores e fraqueza muscular. O tratamento \u00e9 baseado no controle dos sintomas e na preven\u00e7\u00e3o de poss\u00edveis complica\u00e7\u00f5es, que podem incluir o comprometimento da medula espinhal e problemas respirat\u00f3rios. <\/p>\n<table>\n<tr>\n<th>Tipo de Fus\u00e3o Vertebral<\/th>\n<th>Caracter\u00edsticas<\/th>\n<\/tr>\n<tr>\n<td>Fus\u00e3o de duas v\u00e9rtebras cervicais<\/td>\n<td>Fus\u00e3o completa de dois corpos vertebrais<\/td>\n<\/tr>\n<tr>\n<td>Fus\u00e3o de tr\u00eas v\u00e9rtebras cervicais<\/td>\n<td>Uma v\u00e9rtebra intermedi\u00e1ria funde-se com as duas v\u00e9rtebras adjacentes<\/td>\n<\/tr>\n<tr>\n<td>Fus\u00e3o de quatro v\u00e9rtebras cervicais<\/td>\n<td>Duas v\u00e9rtebras intermedi\u00e1rias fundem-se com as duas v\u00e9rtebras adjacentes<\/td>\n<\/tr>\n<\/table>\n<p>Apesar de n\u00e3o existir cura para a s\u00edndrome de Klippel-Feil, o diagn\u00f3stico precoce e o tratamento adequado podem ajudar a melhorar a qualidade de vida dos pacientes. O tratamento pode incluir fisioterapia, medicamentos para aliviar a dor e a inflama\u00e7\u00e3o, cirurgia para corrigir deformidades e prevenir complica\u00e7\u00f5es e, em alguns casos, \u00f3rteses para estabilizar a coluna vertebral.  Converse sempre com um especialista caso desconfie que possa estar com algum sintoma relacionado \u00e0 s\u00edndrome de Klippel-Feil.<\/p>\n<h2>2. Como a S\u00edndrome de Klippel-Feil \u00e9 diagnosticada?<\/h2>\n<p>Existem v\u00e1rios m\u00e9todos utilizados para diagnosticar a S\u00edndrome de Klippel-Feil. O diagn\u00f3stico requer uma an\u00e1lise minuciosa dos sinais e sintomas que o paciente apresenta, bem como exames f\u00edsicos e de imagem. <\/p>\n<p>Em primeiro lugar, o m\u00e9dico pode realizar um exame f\u00edsico para verificar a exist\u00eancia de sinais de m\u00e1-forma\u00e7\u00e3o cervical, como baixa estatura, pesco\u00e7o curto e rigidez cervical. Tamb\u00e9m \u00e9 importante verificar se h\u00e1 limita\u00e7\u00e3o de movimento da cabe\u00e7a e do pesco\u00e7o.<\/p>\n<p>Al\u00e9m disso, exames de imagem, como radiografia, resson\u00e2ncia magn\u00e9tica e tomografia computadorizada, podem ser realizados para verificar a presen\u00e7a de m\u00e1-forma\u00e7\u00e3o cervical. A radiografia pode mostrar a fus\u00e3o de duas ou mais v\u00e9rtebras cervicais, enquanto a resson\u00e2ncia magn\u00e9tica pode fornecer informa\u00e7\u00f5es mais detalhadas sobre a coluna vertebral. A tomografia computadorizada pode ser utilizada para avaliar a presen\u00e7a de anomalias nos ossos cervicais.<\/p>\n<p>Confira abaixo uma tabela com os principais m\u00e9todos de diagn\u00f3stico utilizados para a S\u00edndrome de Klippel-Feil:<\/p>\n<table>\n<tr>\n<th>Exame<\/th>\n<th>Descri\u00e7\u00e3o<\/th>\n<\/tr>\n<tr>\n<td>Radiografia<\/td>\n<td>Exame de imagem que utiliza raios X para verificar a presen\u00e7a de m\u00e1-forma\u00e7\u00e3o cervical.<\/td>\n<\/tr>\n<tr>\n<td>Resson\u00e2ncia magn\u00e9tica<\/td>\n<td>Exame de imagem que utiliza um campo magn\u00e9tico para obter imagens detalhadas da coluna vertebral.<\/td>\n<\/tr>\n<tr>\n<td>Tomografia computadorizada<\/td>\n<td>Exame de imagem que utiliza raios X e computadores para produzir imagens transversais do corpo.<\/td>\n<\/tr>\n<\/table>\n<h2>3. Quais os sintomas da S\u00edndrome de Klippel-Feil?<\/h2>\n<p>Os sintomas da S\u00edndrome de Klippel-Feil podem variar de pessoa para pessoa, mas geralmente incluem:<\/p>\n<ul>\n<li><strong>Restri\u00e7\u00e3o de movimento no pesco\u00e7o:<\/strong> A s\u00edndrome de Klippel-Feil ocorre quando duas ou mais v\u00e9rtebras cervicais se fundem, o que pode levar a uma diminui\u00e7\u00e3o significativa na amplitude de movimento do pesco\u00e7o e da cabe\u00e7a.<\/li>\n<li><strong>Anomalias do cr\u00e2nio:<\/strong> Algumas pessoas com a s\u00edndrome de Klippel-Feil tamb\u00e9m podem apresentar anomalias cranianas, como um cr\u00e2nio de formato anormal ou problemas com a abertura e fechamento dos olhos e boca.<\/li>\n<li><strong>Problemas oculares e auditivos:<\/strong> Algumas pessoas com a s\u00edndrome de Klippel-Feil podem apresentar problemas de vis\u00e3o ou audi\u00e7\u00e3o, como vis\u00e3o limitada ou surdez.<\/li>\n<li><strong>Problemas de equil\u00edbrio e coordena\u00e7\u00e3o:<\/strong> Devido a limita\u00e7\u00f5es de movimento no pesco\u00e7o, algumas pessoas com a s\u00edndrome de Klippel-Feil podem ter dificuldade para manter o equil\u00edbrio ou coordenar movimentos corporais.<\/li>\n<\/ul>\n<p>A s\u00edndrome de Klippel-Feil pode ser diagnosticada atrav\u00e9s de exames de imagem, como raio-x ou resson\u00e2ncia magn\u00e9tica. \u00c9 importante enfatizar que os sintomas podem variar muito de pessoa para pessoa, e nem sempre s\u00e3o graves ou incapacitantes.<\/p>\n<h2>4. Qual o tratamento indicado para a S\u00edndrome de Klippel-Feil?<\/h2>\n<p>A s\u00edndrome de Klippel-Feil (SKF) \u00e9 uma anomalia cong\u00eanita rara que afeta a forma\u00e7\u00e3o dos ossos cervicais, causando deformidades e restri\u00e7\u00e3o de movimento no pesco\u00e7o. Embora n\u00e3o exista uma cura definitiva para a SKF, o tratamento \u00e9 voltado para o al\u00edvio dos sintomas e preven\u00e7\u00e3o de complica\u00e7\u00f5es.<\/p>\n<p>Os principais objetivos do tratamento da SKF incluem:<\/p>\n<p>&#8211; Al\u00edvio da dor: O uso de medicamentos analg\u00e9sicos, anti-inflamat\u00f3rios e relaxantes musculares podem ser prescritos para aliviar a dor e tens\u00e3o muscular no pesco\u00e7o.<\/p>\n<p>&#8211; Fisioterapia: A fisioterapia pode ajudar a melhorar a mobilidade do pesco\u00e7o, fortalecer os m\u00fasculos e prevenir contraturas e sequelas motoras. Exerc\u00edcios de alongamento e fortalecimento cervical s\u00e3o essenciais.<\/p>\n<p>&#8211; Corre\u00e7\u00e3o das deformidades: Em alguns casos, podem ser indicados aparelhos de coluna ou at\u00e9 mesmo cirurgia para corrigir a deformidades \u00f3sseas causadas pela SKF.<\/p>\n<p>Confira abaixo uma tabela com os principais m\u00e9todos de tratamento para a SKF:<\/p>\n<table>\n<tr>\n<th>Tratamento<\/th>\n<th>Descri\u00e7\u00e3o<\/th>\n<\/tr>\n<tr>\n<td>Medicamentos<\/td>\n<td>Uso de analg\u00e9sicos, anti-inflamat\u00f3rios e relaxantes musculares para al\u00edvio dos sintomas.<\/td>\n<\/tr>\n<tr>\n<td>Fisioterapia<\/td>\n<td>Pr\u00e1tica de exerc\u00edcios para melhorar a mobilidade e fortalecer os m\u00fasculos do pesco\u00e7o.<\/td>\n<\/tr>\n<tr>\n<td>Aparelho de coluna<\/td>\n<td>Pode ser indicado em casos de deformidades \u00f3sseas moderadas.<\/td>\n<\/tr>\n<tr>\n<td>Cirurgia<\/td>\n<td>Em casos graves, pode ser indicada cirurgia para corre\u00e7\u00e3o das deformidades e al\u00edvio dos sintomas.<\/td>\n<\/tr>\n<\/table>\n<p>Cada caso de SKF \u00e9 \u00fanico e o tratamento deve ser individualizado. Portanto, \u00e9 importante consultar um m\u00e9dico especializado para avaliar o seu caso e definir o melhor tratamento para voc\u00ea. A S\u00edndrome de Klippel Feil, embora rara, \u00e9 uma condi\u00e7\u00e3o que merece aten\u00e7\u00e3o e esclarecimentos. Por isso, neste artigo, trouxemos algumas das perguntas frequentes sobre a s\u00edndrome, desde o seu diagn\u00f3stico at\u00e9 as op\u00e7\u00f5es de tratamento. Esperamos que tenha ajudado a entender um pouco mais sobre a doen\u00e7a e que tenha sido \u00fatil para aqueles que buscam informa\u00e7\u00f5es sobre o assunto. Lembre-se sempre de consultar um m\u00e9dico e seguir as orienta\u00e7\u00f5es para cuidar da sa\u00fade da melhor maneira poss\u00edvel.<\/p>\n<p><img decoding=\"async\" src=\"https:\/\/alvolocal.com\/conteudo\/wp-content\/uploads\/2023\/04\/7074-sindrome-de-klippel-feil-sindrome-de-klippel-feil-perguntas-frequentes.jpg\" alt=\"Sindrome De Klippel Feil: S\u00edndrome de Klippel-Feil Perguntas Frequentes\" ><\/p>\n","protected":false},"excerpt":{"rendered":"<p>S\u00edndrome de Klippel-Feil \u00e9 uma condi\u00e7\u00e3o rara que afeta a coluna vertebral. Neste artigo, responderemos \u00e0s perguntas mais frequentes sobre a s\u00edndrome, como sua causa, sintomas e op\u00e7\u00f5es de tratamento. Leia mais para conhec\u00ea-la melhor e entender como vivem as pessoas que convivem com ela.<\/p>\n","protected":false},"author":1,"featured_media":1226,"comment_status":"open","ping_status":"open","sticky":false,"template":"","format":"standard","meta":[],"categories":[5,3,4],"tags":[],"aioseo_notices":[],"_links":{"self":[{"href":"https:\/\/medicinaatual.com.br\/blog\/index.php\/wp-json\/wp\/v2\/posts\/1147"}],"collection":[{"href":"https:\/\/medicinaatual.com.br\/blog\/index.php\/wp-json\/wp\/v2\/posts"}],"about":[{"href":"https:\/\/medicinaatual.com.br\/blog\/index.php\/wp-json\/wp\/v2\/types\/post"}],"author":[{"embeddable":true,"href":"https:\/\/medicinaatual.com.br\/blog\/index.php\/wp-json\/wp\/v2\/users\/1"}],"replies":[{"embeddable":true,"href":"https:\/\/medicinaatual.com.br\/blog\/index.php\/wp-json\/wp\/v2\/comments?post=1147"}],"version-history":[{"count":0,"href":"https:\/\/medicinaatual.com.br\/blog\/index.php\/wp-json\/wp\/v2\/posts\/1147\/revisions"}],"wp:featuredmedia":[{"embeddable":true,"href":"https:\/\/medicinaatual.com.br\/blog\/index.php\/wp-json\/wp\/v2\/media\/1226"}],"wp:attachment":[{"href":"https:\/\/medicinaatual.com.br\/blog\/index.php\/wp-json\/wp\/v2\/media?parent=1147"}],"wp:term":[{"taxonomy":"category","embeddable":true,"href":"https:\/\/medicinaatual.com.br\/blog\/index.php\/wp-json\/wp\/v2\/categories?post=1147"},{"taxonomy":"post_tag","embeddable":true,"href":"https:\/\/medicinaatual.com.br\/blog\/index.php\/wp-json\/wp\/v2\/tags?post=1147"}],"curies":[{"name":"wp","href":"https:\/\/api.w.org\/{rel}","templated":true}]}}