{"id":189,"date":"2023-05-09T01:21:42","date_gmt":"2023-05-09T04:21:42","guid":{"rendered":"https:\/\/medicinaatual.com.br\/blog\/?p=189"},"modified":"2023-05-09T01:21:42","modified_gmt":"2023-05-09T04:21:42","slug":"nevo-de-ota-o-que-causa-o-nevo-de-ota-genetica-sol-ou-produtos","status":"publish","type":"post","link":"https:\/\/medicinaatual.com.br\/blog\/index.php\/2023\/05\/09\/nevo-de-ota-o-que-causa-o-nevo-de-ota-genetica-sol-ou-produtos\/","title":{"rendered":"Nevo De Ota: O que causa o nevo de Ota gen\u00e9tica, sol ou produtos?"},"content":{"rendered":"<p>Se voc\u00ea j\u00e1 reparou em manchas acastanhadas em sua pele, pode ter se perguntado: ser\u00e1 que \u00e9 por causa do sol? Ser\u00e1 que \u00e9 algum produto que estou usando? Ou ser\u00e1 que \u00e9 simplesmente gen\u00e9tico? Pois bem, uma das manchas mais comuns na pele \u00e9 o Nevo de Ota, e hoje vamos desvendar o que realmente causa essa condi\u00e7\u00e3o t\u00e3o peculiar.<\/p>\n<h2>1. Descubra o mist\u00e9rio por tr\u00e1s do Nevo de Ota: Sol, Gen\u00e9tica ou Produtos?<\/h2>\n<p>Ainda que o Nevo de Ota seja um mist\u00e9rio, j\u00e1 existem algumas informa\u00e7\u00f5es que podem ajudar a compreend\u00ea-lo melhor. H\u00e1 algumas teorias sobre a sua origem e as causas que o provocam:<\/p>\n<ul>\n<li>A primeira teoria sugere que pode ser resultado da exposi\u00e7\u00e3o excessiva ao sol, principalmente em pessoas com tons de pele mais escuros;<\/li>\n<li>A segunda teoria sugere que o Nevo de Ota est\u00e1 relacionado com a gen\u00e9tica, passando de gera\u00e7\u00e3o em gera\u00e7\u00e3o;<\/li>\n<li>Por \u00faltimo, alguns dermatologistas acreditam que produtos qu\u00edmicos podem provocar o aparecimento do Nevo de Ota.<\/li>\n<\/ul>\n<p>Existem in\u00fameras pesquisas sobre as poss\u00edveis causas do Nevo de Ota, mas at\u00e9 agora nenhum estudo apontou com total seguran\u00e7a a origem deste fen\u00f4meno. Por isso, \u00e9 sempre importante consultar especialistas para receber orienta\u00e7\u00e3o adequada. A tabela abaixo pode te ajudar a entender as caracter\u00edsticas do Nevo de Ota:<\/p>\n<table>\n<tr>\n<th>Caracter\u00edsticas do Nevo de Ota<\/th>\n<\/tr>\n<tr>\n<td>Colora\u00e7\u00e3o: Escuro e azul-acinzentado<\/td>\n<\/tr>\n<tr>\n<td>Localiza\u00e7\u00e3o: Pele da face, principalmente abaixo dos olhos e regi\u00e3o das t\u00eamporas<\/td>\n<\/tr>\n<tr>\n<td>Tamanho: Varia de pessoa para pessoa, mas pode ser grande<\/td>\n<\/tr>\n<\/table>\n<p>Lembre-se sempre de consultar um dermatologista para cuidar da sa\u00fade da sua pele. Agende uma consulta e tire suas d\u00favidas sobre o Nevo de Ota.<\/p>\n<h2>2. Os segredos por tr\u00e1s do aparecimento do Nevo de Ota<\/h2>\n<p>De acordo com a dermatologia, o Nevo de Ota \u00e9 uma altera\u00e7\u00e3o de cor na pele que surge ainda na inf\u00e2ncia e \u00e9 mais frequente em pessoas de origem asi\u00e1tica.<\/p>\n<p>Apesar de n\u00e3o ter uma causa espec\u00edfica, h\u00e1 alguns fatores que podem contribuir para o seu aparecimento:<\/p>\n<ul>\n<li>Heran\u00e7a gen\u00e9tica;<\/li>\n<li>Exposi\u00e7\u00e3o solar desprotegida;<\/li>\n<li>Horm\u00f4nios;<\/li>\n<li>Muta\u00e7\u00e3o gen\u00e9tica durante o desenvolvimento fetal.<\/li>\n<\/ul>\n<p>Estudos indicam que a exposi\u00e7\u00e3o solar desprotegida \u00e9 um fator de risco significativo para as les\u00f5es de Nevo de Ota. Por isso, \u00e9 importante usar protetor solar regularmente para evitar o surgimento de manchas e les\u00f5es na pele.<\/p>\n<table>\n<tr>\n<th>Tipo de Pessoa<\/th>\n<th>Probabilidade de Desenvolver Nevo de Ota<\/th>\n<\/tr>\n<tr>\n<td>Asi\u00e1tica<\/td>\n<td>50-80%<\/td>\n<\/tr>\n<tr>\n<td>Negra<\/td>\n<td>Menos de 1%<\/td>\n<\/tr>\n<tr>\n<td>Branca<\/td>\n<td>Muito raro<\/td>\n<\/tr>\n<\/table>\n<h2>3. Nevo de Ota: Influ\u00eancia Gen\u00e9tica, exposi\u00e7\u00e3o ao sol e produtos cosm\u00e9ticos<\/h2>\n<p>O Nevo de Ota \u00e9 uma condi\u00e7\u00e3o dermatol\u00f3gica benigna que afeta principalmente a popula\u00e7\u00e3o asi\u00e1tica. \u00c9 uma mancha azulada ou preta que aparece na \u00e1rea do olho e da bochecha e pode se expandir para outras partes do rosto e do corpo. Sua causa ainda \u00e9 desconhecida, mas sabe-se que a influ\u00eancia gen\u00e9tica, a exposi\u00e7\u00e3o ao sol e o uso de produtos cosm\u00e9ticos podem contribuir para o seu desenvolvimento.<\/p>\n<p>Acredita-se que o Nevo de Ota tenha uma predisposi\u00e7\u00e3o gen\u00e9tica, e que algumas pessoas j\u00e1 nascem com essa condi\u00e7\u00e3o. Alguns estudos mostram que a mancha pode ser causada pela migra\u00e7\u00e3o de melan\u00f3citos (c\u00e9lulas produtoras de melanina) da neural crista para a camada da pele. A exposi\u00e7\u00e3o ao sol tamb\u00e9m pode aumentar a pigmenta\u00e7\u00e3o da mancha, tornando-a mais escura e mais vis\u00edvel. Por outro lado, o uso de produtos cosm\u00e9ticos que cont\u00eam \u00e1cido glic\u00f3lico e retin\u00f3ides pode ajudar a clare\u00e1-la.<\/p>\n<p>Se voc\u00ea notar a presen\u00e7a de uma mancha azulada ou preta em torno dos olhos, bochechas ou no rosto, \u00e9 importante procurar um dermatologista para uma avalia\u00e7\u00e3o completa. Uma bi\u00f3psia cut\u00e2nea pode ser realizada para confirmar o diagn\u00f3stico. Existem v\u00e1rias op\u00e7\u00f5es de tratamento dispon\u00edveis, que incluem o laser, o peeling qu\u00edmico e a crioterapia. O tratamento deve ser individualizado de acordo com a gravidade da condi\u00e7\u00e3o e as necessidades do paciente. <\/p>\n<table style=\"width:100%\">\n<tr>\n<th colspan=\"3\">Fatores que contribuem para o desenvolvimento do Nevo de Ota<\/th>\n<\/tr>\n<tr>\n<td><b>Influ\u00eancia Gen\u00e9tica<\/b><\/td>\n<td><b>Exposi\u00e7\u00e3o ao Sol<\/b><\/td>\n<td><b>Produtos Cosm\u00e9ticos<\/b><\/td>\n<\/tr>\n<tr>\n<td>Algumas pessoas j\u00e1 nascem com a predisposi\u00e7\u00e3o para a condi\u00e7\u00e3o<\/td>\n<td>O sol pode aumentar a pigmenta\u00e7\u00e3o da mancha e torn\u00e1-la mais vis\u00edvel<\/td>\n<td>Produtos que cont\u00e9m \u00e1cido glic\u00f3lico e retin\u00f3ides podem ajudar a clare\u00e1-la<\/td>\n<\/tr>\n<\/table>\n<h2>4. Os culpados por tr\u00e1s do Nevo de Ota &#8211; fatores gen\u00e9ticos, ambientais e de estilo de vida<\/h2>\n<p>Existem diversos fatores que podem contribuir para o surgimento do Nevo de Ota, uma condi\u00e7\u00e3o dermatol\u00f3gica caracterizada por manchas escuras na pele. Dentre esses fatores, alguns deles incluem quest\u00f5es gen\u00e9ticas, ambientais e de estilo de vida.<\/p>\n<p>Em rela\u00e7\u00e3o aos fatores gen\u00e9ticos, estudos apontam que h\u00e1 uma predisposi\u00e7\u00e3o heredit\u00e1ria para a condi\u00e7\u00e3o, ou seja, a chance de uma pessoa desenvolver o Nevo de Ota aumenta caso haja hist\u00f3rico familiar da doen\u00e7a. Al\u00e9m disso, a ra\u00e7a tamb\u00e9m pode influenciar na incid\u00eancia da condi\u00e7\u00e3o, que \u00e9 mais prevalente em pessoas de ascend\u00eancia asi\u00e1tica.<\/p>\n<p>Em rela\u00e7\u00e3o aos fatores ambientais e de estilo de vida, a exposi\u00e7\u00e3o solar sem prote\u00e7\u00e3o adequada pode aumentar a incid\u00eancia do Nevo de Ota na pele, principalmente em \u00e1reas mais expostas, como o rosto. Al\u00e9m disso, o uso de medicamentos que afetam a pigmenta\u00e7\u00e3o da pele e o tabagismo tamb\u00e9m podem influenciar no surgimento da condi\u00e7\u00e3o.<\/p>\n<p>Confira abaixo uma tabela com alguns dos principais fatores que podem contribuir para o Nevo de Ota:<\/p>\n<table>\n<tr>\n<th>Fatores Gen\u00e9ticos<\/th>\n<th>Fatores Ambientais e de Estilo de Vida<\/th>\n<\/tr>\n<tr>\n<td>\n<ul>\n<li>Predisposi\u00e7\u00e3o heredit\u00e1ria<\/li>\n<li>Hist\u00f3rico familiar da doen\u00e7a<\/li>\n<li>Ascend\u00eancia asi\u00e1tica<\/li>\n<\/ul>\n<\/td>\n<td>\n<ul>\n<li>Exposi\u00e7\u00e3o solar sem prote\u00e7\u00e3o adequada<\/li>\n<li>Uso de medicamentos que afetam a pigmenta\u00e7\u00e3o da pele<\/li>\n<li>Tabagismo<\/li>\n<\/ul>\n<\/td>\n<\/tr>\n<\/table>\n<p>\u00c9 importante ressaltar que a presen\u00e7a desses fatores n\u00e3o \u00e9 necessariamente garantia de que uma pessoa desenvolver\u00e1 o Nevo de Ota, mas sim uma indica\u00e7\u00e3o de que podem existir condi\u00e7\u00f5es que favore\u00e7am o surgimento da doen\u00e7a. Por isso, \u00e9 fundamental que as pessoas fiquem atentas \u00e0 sua sa\u00fade e mantenham h\u00e1bitos saud\u00e1veis para prevenir ou tratar essa e outras condi\u00e7\u00f5es dermatol\u00f3gicas. E assim, conclu\u00edmos nossa explora\u00e7\u00e3o sobre o intrigante nevo de Ota. Descobrimos que, embora seja considerado uma quest\u00e3o est\u00e9tica, este tipo de mancha pode estar enraizado em falhas gen\u00e9ticas. Fica claro, entretanto, que ele tamb\u00e9m pode ser influenciado por fatores como a exposi\u00e7\u00e3o solar ou a utiliza\u00e7\u00e3o de produtos qu\u00edmicos. Independentemente do que possa ter causado a condi\u00e7\u00e3o, \u00e9 importante lembrar que \u00e9 poss\u00edvel atenuar a apar\u00eancia do nevo de Ota atrav\u00e9s de tratamentos dermatol\u00f3gicos. Como sempre, \u00e9 vital procurar orienta\u00e7\u00e3o profissional para ajudar a lidar com quaisquer aspectos de sua sa\u00fade, inclusive em rela\u00e7\u00e3o a uma quest\u00e3o aparentemente pequena, como esta.<\/p>\n<p><img decoding=\"async\" src=\"https:\/\/alvolocal.com\/conteudo\/wp-content\/uploads\/2023\/04\/5158-nevo-de-ota-o-que-causa-o-nevo-de-ota-genetica-sol-ou-produtos.jpg\" alt=\"Nevo De Ota: O que causa o nevo de Ota gen\u00e9tica, sol ou produtos?\" ><\/p>\n","protected":false},"excerpt":{"rendered":"<p>O Nevo de Ota \u00e9 uma mancha na pele que geralmente aparece no rosto e tem uma colora\u00e7\u00e3o azulada ou acinzentada. Embora ainda haja muitas d\u00favidas sobre suas causas precisas, acredita-se que a gen\u00e9tica tenha um papel importante no desenvolvimento dessa condi\u00e7\u00e3o. No entanto, fatores como a exposi\u00e7\u00e3o solar e o uso de produtos qu\u00edmicos tamb\u00e9m podem contribuir para o aparecimento do nevo. \u00c9 essencial consultar um dermatologista para um diagn\u00f3stico preciso e um tratamento adequado.<\/p>\n","protected":false},"author":1,"featured_media":2165,"comment_status":"open","ping_status":"open","sticky":false,"template":"","format":"standard","meta":[],"categories":[5,3,4],"tags":[],"aioseo_notices":[],"_links":{"self":[{"href":"https:\/\/medicinaatual.com.br\/blog\/index.php\/wp-json\/wp\/v2\/posts\/189"}],"collection":[{"href":"https:\/\/medicinaatual.com.br\/blog\/index.php\/wp-json\/wp\/v2\/posts"}],"about":[{"href":"https:\/\/medicinaatual.com.br\/blog\/index.php\/wp-json\/wp\/v2\/types\/post"}],"author":[{"embeddable":true,"href":"https:\/\/medicinaatual.com.br\/blog\/index.php\/wp-json\/wp\/v2\/users\/1"}],"replies":[{"embeddable":true,"href":"https:\/\/medicinaatual.com.br\/blog\/index.php\/wp-json\/wp\/v2\/comments?post=189"}],"version-history":[{"count":0,"href":"https:\/\/medicinaatual.com.br\/blog\/index.php\/wp-json\/wp\/v2\/posts\/189\/revisions"}],"wp:featuredmedia":[{"embeddable":true,"href":"https:\/\/medicinaatual.com.br\/blog\/index.php\/wp-json\/wp\/v2\/media\/2165"}],"wp:attachment":[{"href":"https:\/\/medicinaatual.com.br\/blog\/index.php\/wp-json\/wp\/v2\/media?parent=189"}],"wp:term":[{"taxonomy":"category","embeddable":true,"href":"https:\/\/medicinaatual.com.br\/blog\/index.php\/wp-json\/wp\/v2\/categories?post=189"},{"taxonomy":"post_tag","embeddable":true,"href":"https:\/\/medicinaatual.com.br\/blog\/index.php\/wp-json\/wp\/v2\/tags?post=189"}],"curies":[{"name":"wp","href":"https:\/\/api.w.org\/{rel}","templated":true}]}}