{"id":317,"date":"2023-04-28T12:21:14","date_gmt":"2023-04-28T15:21:14","guid":{"rendered":"https:\/\/medicinaatual.com.br\/blog\/?p=317"},"modified":"2023-04-28T12:21:14","modified_gmt":"2023-04-28T15:21:14","slug":"vazio-emocional-sentimento-de-vazio-na-depressao-e-normal-sentir-em-vez-da-tristeza-classica","status":"publish","type":"post","link":"https:\/\/medicinaatual.com.br\/blog\/index.php\/2023\/04\/28\/vazio-emocional-sentimento-de-vazio-na-depressao-e-normal-sentir-em-vez-da-tristeza-classica\/","title":{"rendered":"Vazio Emocional: Sentimento de vazio na depress\u00e3o \u00e9 normal sentir em vez da tristeza cl\u00e1ssica?"},"content":{"rendered":"<p>Voc\u00ea j\u00e1 sentiu como se algo estivesse faltando, mesmo tendo tudo ao seu redor? O vazio emocional \u00e9 um sentimento comum, mas muitas vezes incompreendido. Quando se trata de depress\u00e3o, \u00e9 comum esperar que a tristeza cl\u00e1ssica seja o principal sintoma. No entanto, muitos pacientes experimentam um vazio emocional que pode ser confundido com apatia ou desinteresse. Mas ser\u00e1 que o sentimento de vazio \u00e9 realmente normal na depress\u00e3o? Vamos explorar essa quest\u00e3o e entender melhor como esse sentimento pode afetar as pessoas.<\/p>\n<h2>1. O Intrigante Vazio Emocional: Uma Nova Forma de Descrever a Depress\u00e3o<\/h2>\n<p>Depress\u00e3o \u00e9 um termo amplamente conhecido, mas o vazio emocional pode ser uma nova forma de descrever essa condi\u00e7\u00e3o. O vazio emocional refere-se a um sentimento de vazio e falta de significado nas emo\u00e7\u00f5es, pensamentos e atividades di\u00e1rias de uma pessoa. Embora possa estar relacionado \u00e0 depress\u00e3o, \u00e9 importante distinguir entre os dois.<\/p>\n<p>Existem v\u00e1rias causas poss\u00edveis de vazio emocional, incluindo a falta de intera\u00e7\u00f5es sociais significativas, experi\u00eancias traumatizantes ou uma vida sem dire\u00e7\u00e3o. \u00c9 comum que o vazio emocional cause uma sensa\u00e7\u00e3o de perda de interesse nas atividades cotidianas, e pode at\u00e9 mesmo levar \u00e0 isolamento social.<\/p>\n<p>Para ajudar a lidar com esse sentimento, \u00e9 recomend\u00e1vel a busca por ajuda profissional, como um psic\u00f3logo ou terapeuta para trabalhar nas emo\u00e7\u00f5es e desafios psicol\u00f3gicos que causam o vazio emocional. Existem tamb\u00e9m algumas atividades que podem ajudar a lidar com o vazio emocional, como:<\/p>\n<p>&#8211; Yoga ou medita\u00e7\u00e3o;<br \/>\n&#8211; Envolvimento em uma atividade criativa;<br \/>\n&#8211; Fazer coisas diferentes e experimentar novas atividades e hobbies.<\/p>\n<p>Com a ajuda e o comprometimento certo, \u00e9 poss\u00edvel sair do vazio emocional e construir uma vida mais significativa e prazerosa.<\/p>\n<h2>2. O Vazio na Depress\u00e3o: \u00c9 Normal Sentir Isso em Vez da Tristeza Cl\u00e1ssica?<\/h2>\n<p>Quando falamos sobre a depress\u00e3o, muitas pessoas automaticamente associam a tristeza como o principal sintoma. No entanto, o vazio emocional \u00e9 uma sensa\u00e7\u00e3o igualmente presente e pode ser t\u00e3o debilitante quanto a tristeza cl\u00e1ssica.<\/p>\n<p>O vazio emocional pode ser descrito como uma sensa\u00e7\u00e3o de falta de emo\u00e7\u00f5es, de um vazio interno. Isso pode levar a uma sensa\u00e7\u00e3o de desconex\u00e3o do mundo e das outras pessoas, al\u00e9m de um desinteresse completo pelas atividades cotidianas. \u00c9 importante lembrar que essa sensa\u00e7\u00e3o \u00e9 perfeitamente normal na depress\u00e3o e que muitas pessoas vivenciam isso em vez da tristeza cl\u00e1ssica.<\/p>\n<ul>\n<li>Alguns sintomas do vazio emocional podem incluir:<\/li>\n<ul>\n<li>Falta de emo\u00e7\u00f5es<\/li>\n<li>Sensa\u00e7\u00e3o de vazio interno<\/li>\n<li>Desinteresse pelas atividades cotidianas<\/li>\n<li>Sensa\u00e7\u00e3o de desconex\u00e3o do mundo e das outras pessoas<\/li>\n<\/ul>\n<\/ul>\n<p>Se voc\u00ea sente esse vazio emocional, \u00e9 importante buscar ajuda profissional e conversar com um m\u00e9dico ou um terapeuta para encontrar as melhores maneiras de lidar com essa sensa\u00e7\u00e3o. Lembre-se de que a depress\u00e3o \u00e9 um transtorno trat\u00e1vel e que existem muitas op\u00e7\u00f5es de tratamento dispon\u00edveis, como terapias cognitivas-comportamentais, medica\u00e7\u00e3o e outras terapias alternativas.<\/p>\n<h2>3. O Sentimento de Nada: A Origem e as Implica\u00e7\u00f5es do Vazio Emocional na Depress\u00e3o<\/h2>\n<p>O sentimento de nada \u00e9 uma das principais caracter\u00edsticas da depress\u00e3o, e pode se manifestar como um vazio emocional ou uma sensa\u00e7\u00e3o de falta de prop\u00f3sito. Mas qual \u00e9 a origem desse sentimento e como ele afeta a vida das pessoas?<\/p>\n<p>De acordo com pesquisadores, o vazio emocional pode estar relacionado a diversos fatores, como traumas de inf\u00e2ncia, problemas de relacionamento, estresse emocional cr\u00f4nico e desequil\u00edbrios qu\u00edmicos no c\u00e9rebro. Al\u00e9m disso, a falta de experi\u00eancias positivas e a sensa\u00e7\u00e3o de impot\u00eancia diante de eventos negativos pode fazer com que a pessoa se sinta cada vez mais isolada e desesperan\u00e7ada.<\/p>\n<p>As implica\u00e7\u00f5es do vazio emocional s\u00e3o profundas, podendo levar \u00e0 apatia, ao isolamento social, \u00e0 perda de interesse em atividades que antes eram prazerosas e at\u00e9 mesmo a pensamentos suicidas. Por isso, \u00e9 importante que as pessoas que sofrem com depress\u00e3o recebam apoio e tratamento adequado, que pode incluir terapia, medicamentos e mudan\u00e7as no estilo de vida.<\/p>\n<table>\n<tr>\n<th>Origem<\/th>\n<th>Implica\u00e7\u00f5es<\/th>\n<\/tr>\n<tr>\n<td>Traumas de inf\u00e2ncia<\/td>\n<td>Apatia<\/td>\n<\/tr>\n<tr>\n<td>Problemas de relacionamento<\/td>\n<td>Isolamento social<\/td>\n<\/tr>\n<tr>\n<td>Estresse emocional cr\u00f4nico<\/td>\n<td>Perda de interesse em atividades prazerosas<\/td>\n<\/tr>\n<tr>\n<td>Desequil\u00edbrios qu\u00edmicos no c\u00e9rebro<\/td>\n<td>Pensamentos suicidas<\/td>\n<\/tr>\n<\/table>\n<h2>4. A Busca Pela Recupera\u00e7\u00e3o: Como Lidar com o Vazio Emocional na Depress\u00e3o e Encontrar o Caminho para a Sa\u00fade Mental<\/h2>\n<p>Um dos maiores desafios da depress\u00e3o \u00e9 lidar com o vazio emocional que muitas vezes a acompanha. Essa sensa\u00e7\u00e3o de falta de sentido, de n\u00e3o pertencimento e apatia pode ser esmagadora, e pode parecer que n\u00e3o h\u00e1 sa\u00edda. Mas, felizmente, h\u00e1 caminhos para lidar com essa condi\u00e7\u00e3o.<\/p>\n<p>Uma das maneiras \u00e9 buscar ajuda profissional. Psic\u00f3logos e psiquiatras podem ajudar a identificar as causas subjacentes da depress\u00e3o e fornecer ferramentas para lidar com os sintomas. Al\u00e9m disso, existem muitas terapias complementares, como a medita\u00e7\u00e3o e a acupuntura, que podem ajudar a aliviar o vazio emocional. \u00c9 uma jornada dif\u00edcil, mas com o tempo e o trabalho, h\u00e1 esperan\u00e7a de uma recupera\u00e7\u00e3o completa.<\/p>\n<table>\n<tr>\n<th>Pr\u00e1ticas que podem ajudar a aliviar o vazio emocional na depress\u00e3o:<\/th>\n<\/tr>\n<tr>\n<td>Medica\u00e7\u00e3o antidepressiva<\/td>\n<\/tr>\n<tr>\n<td>Psicoterapia<\/td>\n<\/tr>\n<tr>\n<td>Medita\u00e7\u00e3o<\/td>\n<\/tr>\n<tr>\n<td>Acupuntura<\/td>\n<\/tr>\n<tr>\n<td>Exerc\u00edcios respirat\u00f3rios<\/td>\n<\/tr>\n<tr>\n<td>Terapia ocupacional<\/td>\n<\/tr>\n<\/table>\n<p>Outra coisa a ser lembrada \u00e9 que a depress\u00e3o \u00e9 uma condi\u00e7\u00e3o m\u00e9dica, e n\u00e3o um sinal de fraqueza pessoal. \u00c9 importante praticar a auto-aceita\u00e7\u00e3o e a paci\u00eancia consigo mesmo. N\u00e3o \u00e9 poss\u00edvel superar a depress\u00e3o da noite para o dia, mas com um pouco de perseveran\u00e7a, pode haver uma luz no fim do t\u00fanel. A vida \u00e9 preciosa e vale a pena lutar por ela. Em resumo, o vazio emocional \u00e9 um sentimento complexo e muitas vezes incompreendido. \u00c9 normal experimentar essa falta de emo\u00e7\u00e3o durante a depress\u00e3o, mas isso n\u00e3o significa que n\u00e3o seja uma luta dif\u00edcil e inc\u00f4moda. \u00c9 importante lembrar que a depress\u00e3o \u00e9 uma condi\u00e7\u00e3o s\u00e9ria e que ajuda profissional \u00e9 essencial. A chave para superar o vazio emocional \u00e9 buscar suporte e tratamento adequado, e acreditar que, com paci\u00eancia e dedica\u00e7\u00e3o, \u00e9 poss\u00edvel reencontrar a alegria de viver.<\/p>\n<p><img decoding=\"async\" src=\"https:\/\/alvolocal.com\/conteudo\/wp-content\/uploads\/2023\/04\/5414-vazio-emocional-sentimento-de-vazio-na-depressao-e-normal-sentir-em-vez-da-tristeza-classica.jpg\" alt=\"Vazio Emocional: Sentimento de vazio na depress\u00e3o \u00e9 normal sentir em vez da tristeza cl\u00e1ssica?\" ><\/p>\n","protected":false},"excerpt":{"rendered":"<p>O vazio emocional \u00e9 um sentimento comum entre pessoas com depress\u00e3o, muitas vezes substituindo a tristeza cl\u00e1ssica com a qual a doen\u00e7a \u00e9 geralmente associada. Embora possa ser dif\u00edcil de explicar e entender, n\u00e3o h\u00e1 nada de anormal em sentir-se vazio. \u00c9 importante buscar ajuda profissional para lidar com a depress\u00e3o e superar esse sentimento.<\/p>\n","protected":false},"author":1,"featured_media":2039,"comment_status":"open","ping_status":"open","sticky":false,"template":"","format":"standard","meta":[],"categories":[5,3,4],"tags":[],"aioseo_notices":[],"_links":{"self":[{"href":"https:\/\/medicinaatual.com.br\/blog\/index.php\/wp-json\/wp\/v2\/posts\/317"}],"collection":[{"href":"https:\/\/medicinaatual.com.br\/blog\/index.php\/wp-json\/wp\/v2\/posts"}],"about":[{"href":"https:\/\/medicinaatual.com.br\/blog\/index.php\/wp-json\/wp\/v2\/types\/post"}],"author":[{"embeddable":true,"href":"https:\/\/medicinaatual.com.br\/blog\/index.php\/wp-json\/wp\/v2\/users\/1"}],"replies":[{"embeddable":true,"href":"https:\/\/medicinaatual.com.br\/blog\/index.php\/wp-json\/wp\/v2\/comments?post=317"}],"version-history":[{"count":0,"href":"https:\/\/medicinaatual.com.br\/blog\/index.php\/wp-json\/wp\/v2\/posts\/317\/revisions"}],"wp:featuredmedia":[{"embeddable":true,"href":"https:\/\/medicinaatual.com.br\/blog\/index.php\/wp-json\/wp\/v2\/media\/2039"}],"wp:attachment":[{"href":"https:\/\/medicinaatual.com.br\/blog\/index.php\/wp-json\/wp\/v2\/media?parent=317"}],"wp:term":[{"taxonomy":"category","embeddable":true,"href":"https:\/\/medicinaatual.com.br\/blog\/index.php\/wp-json\/wp\/v2\/categories?post=317"},{"taxonomy":"post_tag","embeddable":true,"href":"https:\/\/medicinaatual.com.br\/blog\/index.php\/wp-json\/wp\/v2\/tags?post=317"}],"curies":[{"name":"wp","href":"https:\/\/api.w.org\/{rel}","templated":true}]}}