{"id":359,"date":"2023-05-01T12:59:14","date_gmt":"2023-05-01T15:59:14","guid":{"rendered":"https:\/\/medicinaatual.com.br\/blog\/?p=359"},"modified":"2023-05-01T12:59:14","modified_gmt":"2023-05-01T15:59:14","slug":"pao-frances-tem-lactose-intolerancia-a-lactose-aos-76-anos-posso-comer-pao-frances-e-biscoitos","status":"publish","type":"post","link":"https:\/\/medicinaatual.com.br\/blog\/index.php\/2023\/05\/01\/pao-frances-tem-lactose-intolerancia-a-lactose-aos-76-anos-posso-comer-pao-frances-e-biscoitos\/","title":{"rendered":"Pao Frances Tem Lactose: Intoler\u00e2ncia \u00e0 lactose aos 76 anos Posso comer p\u00e3o franc\u00eas e biscoitos?"},"content":{"rendered":"<p>Perguntar-se &#8220;posso comer isso?&#8221; \u00e9 uma quest\u00e3o comum entre aqueles que sofrem de intoler\u00e2ncia \u00e0 lactose. E isso n\u00e3o \u00e9 diferente para a Pao Frances, que aos 76 anos, ainda busca entender como sua condi\u00e7\u00e3o afeta seu dia a dia, especialmente quando o assunto \u00e9 a alimenta\u00e7\u00e3o. Mas afinal, ser\u00e1 que ela pode aproveitar um p\u00e3o franc\u00eas fresquinho ou um biscoito assim que a vontade bater? Vamos descobrir juntos.<\/p>\n<h2>1. P\u00e3o Franc\u00eas e Intoler\u00e2ncia \u00e0 Lactose: Descubra se \u00e9 Seguro aos 76 Anos<\/h2>\n<p>Se voc\u00ea tem intoler\u00e2ncia \u00e0 lactose e ama p\u00e3o franc\u00eas, provavelmente j\u00e1 se perguntou se pode ingeri-lo ou n\u00e3o. Afinal, o p\u00e3o pode conter leite ou derivados em sua receita. Por\u00e9m, essa resposta pode depender da intensidade da intoler\u00e2ncia, de cada indiv\u00edduo.<\/p>\n<p><p>Para descobrir se \u00e9 seguro consumir p\u00e3o franc\u00eas com intoler\u00e2ncia \u00e0 lactose, \u00e9 importante analisar os ingredientes e buscar op\u00e7\u00f5es menos lactog\u00eanicas. Alguns p\u00e3es podem conter menos lactose na receita do que outros. Uma op\u00e7\u00e3o \u00e9 o p\u00e3o feito com \u00e1gua, farinha, sal e fermento. Certifique-se de ler os r\u00f3tulos dos p\u00e3es comercializados em supermercados e padarias para verificar as informa\u00e7\u00f5es nutricionais.<\/p>\n<table>\n<tr>\n<th>Tipo de P\u00e3o Franc\u00eas<\/th>\n<th>Lactose por 100g<\/th>\n<\/tr>\n<tr>\n<td>P\u00e3o Franc\u00eas Tradicional<\/td>\n<td>3,6g<\/td>\n<\/tr>\n<tr>\n<td>P\u00e3o Franc\u00eas Caseiro<\/td>\n<td>2,2g<\/td>\n<\/tr>\n<tr>\n<td>P\u00e3o Franc\u00eas Integral<\/td>\n<td>2,6g<\/td>\n<\/tr>\n<\/table>\n<p>Sempre que poss\u00edvel, consulte um profissional de sa\u00fade para que possa orient\u00e1-lo sobre sua intoler\u00e2ncia \u00e0 lactose e quais alternativas de p\u00e3es s\u00e3o seguras para o seu consumo. O p\u00e3o franc\u00eas pode ser desfrutado em modera\u00e7\u00e3o, desde que sejam tomadas as precau\u00e7\u00f5es necess\u00e1rias.<\/p>\n<h2>2. Lactose e Alimenta\u00e7\u00e3o: \u00c9 Poss\u00edvel Apreciar o Sabor do P\u00e3o Franc\u00eas Sem Sofrer?<\/h2>\n<p>Para os amantes de p\u00e3o franc\u00eas que sofrem com intoler\u00e2ncia \u00e0 lactose, h\u00e1 algumas op\u00e7\u00f5es para apreciar o sabor sem sofrer. Uma das op\u00e7\u00f5es \u00e9 optar por p\u00e3es sem leite na receita, como o p\u00e3o franc\u00eas sem lactose ou o p\u00e3o de centeio. Al\u00e9m disso, existem algumas alternativas para substituir a manteiga e o queijo, como:<\/p>\n<ul>\n<li>Geleia de frutas ou mel<\/li>\n<li>Pasta de amendoim ou castanhas<\/li>\n<li>Azeite ou \u00f3leo de coco<\/li>\n<li>Humus ou babaganoush<\/li>\n<\/ul>\n<p>Outra alternativa \u00e9 fazer seu pr\u00f3prio p\u00e3o franc\u00eas em casa, assim voc\u00ea pode controlar os ingredientes e evitar o leite na receita. Existem muitas receitas dispon\u00edveis na internet que substituem a lactose pelo amido de milho ou \u00f3leo vegetal. Confira abaixo uma receita de p\u00e3o franc\u00eas sem lactose para testar em casa: <\/p>\n<table>\n<thead>\n<tr>\n<th>Ingredientes<\/th>\n<\/tr>\n<\/thead>\n<tbody>\n<tr>\n<td>2 x\u00edcaras de farinha de trigo<\/td>\n<\/tr>\n<tr>\n<td>2 colheres de sopa de a\u00e7\u00facar<\/td>\n<\/tr>\n<tr>\n<td>1 colher de sopa de fermento biol\u00f3gico seco<\/td>\n<\/tr>\n<tr>\n<td>1 colher de ch\u00e1 de sal<\/td>\n<\/tr>\n<tr>\n<td>1\/2 x\u00edcara de \u00e1gua morna<\/td>\n<\/tr>\n<tr>\n<td>1\/4 x\u00edcara de \u00f3leo vegetal<\/td>\n<\/tr>\n<\/tbody>\n<\/table>\n<p><b>Modo de preparo:<\/b> Em uma tigela, misture a farinha, o a\u00e7\u00facar, o fermento e o sal. Adicione a \u00e1gua morna e o \u00f3leo e misture at\u00e9 obter uma massa homog\u00eanea. Cubra a tigela com um pano e deixe a massa descansar por cerca de 2 horas. Modele o p\u00e3o em formato de baguete e coloque em uma assadeira untada. Deixe descansar por mais 30 minutos e leve ao forno preaquecido a 200\u00b0C por cerca de 20 minutos ou at\u00e9 que esteja dourado.<\/p>\n<h2>3. Idade Avan\u00e7ada e Restri\u00e7\u00f5es Alimentares: Reflita Sobre a Compatibilidade do P\u00e3o Franc\u00eas com a Intoler\u00e2ncia \u00e0 Lactose<\/h2>\n<p>Altera\u00e7\u00f5es no organismo podem surgir com a idade avan\u00e7ada, e uma das restri\u00e7\u00f5es alimentares mais comuns \u00e9 a intoler\u00e2ncia \u00e0 lactose. Mas ser\u00e1 que o p\u00e3o franc\u00eas pode ser consumido por quem tem essa condi\u00e7\u00e3o?<\/p>\n<p>De acordo com alguns estudos, o p\u00e3o franc\u00eas pode conter lactose, por\u00e9m em quantidades muito pequenas. Logo, \u00e9 pouco prov\u00e1vel que esse alimento cause sintomas em pessoas com intoler\u00e2ncia leve a moderada. Por outro lado, indiv\u00edduos com intoler\u00e2ncia grave devem evitar alimentos que cont\u00eam at\u00e9 mesmo pequenas quantidades de lactose.<\/p>\n<table>\n<tr>\n<th>Intoler\u00e2ncia \u00e0 Lactose<\/th>\n<th>Consumo de P\u00e3o Franc\u00eas<\/th>\n<\/tr>\n<tr>\n<td>Leve a Moderada<\/td>\n<td>Pode ser consumido em modera\u00e7\u00e3o<\/td>\n<\/tr>\n<tr>\n<td>Grave<\/td>\n<td>Deve ser evitado<\/td>\n<\/tr>\n<\/table>\n<p>Em todo caso, \u00e9 importante lembrar que cada organismo reage de forma diferente e o ideal \u00e9 sempre consultar um profissional de sa\u00fade antes de fazer mudan\u00e7as na dieta. Al\u00e9m disso, existem op\u00e7\u00f5es de p\u00e3es que n\u00e3o cont\u00eam lactose, como o p\u00e3o integral, o p\u00e3o de centeio e o p\u00e3o de milho, que podem ser boas alternativas para evitar qualquer desconforto.<\/p>\n<ul>\n<li>O p\u00e3o franc\u00eas pode conter lactose, mas em quantidades muito pequenas.<\/li>\n<li>Indiv\u00edduos com intoler\u00e2ncia grave devem evitar alimentos que contenham lactose.<\/li>\n<li>\u00c9 sempre importante consultar um profissional de sa\u00fade antes de fazer mudan\u00e7as na dieta.<\/li>\n<li>Existem op\u00e7\u00f5es de p\u00e3es que n\u00e3o cont\u00eam lactose, como o p\u00e3o integral, o p\u00e3o de centeio e o p\u00e3o de milho.<\/li>\n<\/ul>\n<h2>4. P\u00e3o Franc\u00eas com ou sem Lactose? Descubra a Melhor Op\u00e7\u00e3o para Preservar sua Sa\u00fade<\/h2>\n<h2>P\u00e3o Franc\u00eas sem Lactose \u00e9 a Melhor Op\u00e7\u00e3o para a Sa\u00fade<\/h2>\n<p>Se voc\u00ea \u00e9 intolerante \u00e0 lactose ou simplesmente deseja reduzir seu consumo deste a\u00e7\u00facar presente no leite, saiba que escolher o p\u00e3o franc\u00eas sem lactose pode ser uma \u00f3tima alternativa. Al\u00e9m de preservar a sa\u00fade, esse tipo de p\u00e3o \u00e9 igualmente saboroso e vers\u00e1til.<\/p>\n<p>Os benef\u00edcios de optar pelo p\u00e3o franc\u00eas sem lactose incluem:<\/p>\n<ul>\n<li>Redu\u00e7\u00e3o dos sintomas associados \u00e0 intoler\u00e2ncia \u00e0 lactose, como incha\u00e7o, flatul\u00eancia e diarreia<\/li>\n<li>Maior consumo de fibras e carboidratos complexos presentes na farinha de trigo, que ajudam na digest\u00e3o e na saciedade<\/li>\n<li>Menor consumo de a\u00e7\u00facares e gorduras adicionais presentes em p\u00e3es com lactose, que podem contribuir para o ganho de peso e o aparecimento de doen\u00e7as como diabetes e doen\u00e7as cardiovasculares<\/li>\n<\/ul>\n<p>Se voc\u00ea ainda tem d\u00favidas sobre como escolher o melhor p\u00e3o franc\u00eas para a sua sa\u00fade, confira a tabela abaixo:<\/p>\n<table>\n<tr>\n<th>Tipo de P\u00e3o Franc\u00eas<\/th>\n<th>Composi\u00e7\u00e3o<\/th>\n<th>Benef\u00edcios<\/th>\n<\/tr>\n<tr>\n<td>P\u00e3o Franc\u00eas Tradicional<\/td>\n<td>Farinha de trigo, \u00e1gua, fermento, sal, lactose<\/td>\n<td>Bom sabor, mas pode causar desconforto em pessoas com intoler\u00e2ncia \u00e0 lactose<\/td>\n<\/tr>\n<tr>\n<td>P\u00e3o Franc\u00eas sem Lactose<\/td>\n<td>Farinha de trigo, \u00e1gua, fermento, sal, substituto da lactose<\/td>\n<td>Mesmo sabor e textura do p\u00e3o tradicional, sem a lactose que pode causar desconforto<\/td>\n<\/tr>\n<\/table>\n<p> E assim, chegamos ao fim da nossa jornada sobre a intoler\u00e2ncia \u00e0 lactose aos 76 anos e se \u00e9 poss\u00edvel consumir p\u00e3o franc\u00eas e biscoitos. Nosso objetivo aqui foi trazer informa\u00e7\u00f5es precisas e \u00fateis para que voc\u00ea possa tomar decis\u00f5es alimentares conscientes e saud\u00e1veis. Como sempre, \u00e9 importante lembrar que consultar um m\u00e9dico ou nutricionista \u00e9 fundamental para um tratamento adequado da intoler\u00e2ncia \u00e0 lactose. Afinal, cuidar da nossa sa\u00fade e bem-estar \u00e9 sempre a melhor escolha.<\/p>\n<p><img decoding=\"async\" src=\"https:\/\/alvolocal.com\/conteudo\/wp-content\/uploads\/2023\/04\/5498-pao-frances-tem-lactose-intolerancia-a-lactose-aos-76-anos-posso-comer-pao-frances-e-biscoitos.jpg\" alt=\"Pao Frances Tem Lactose: Intoler\u00e2ncia \u00e0 lactose aos 76 anos Posso comer p\u00e3o franc\u00eas e biscoitos?\" ><\/p>\n","protected":false},"excerpt":{"rendered":"<p>A intoler\u00e2ncia \u00e0 lactose pode ser diagnosticada em qualquer idade. Mas mesmo aos 76 anos, \u00e9 poss\u00edvel desfrutar de certos alimentos, como o p\u00e3o franc\u00eas e biscoitos, se forem preparados com receitas sem lactose. Converse com um nutricionista para obter dicas sobre como adaptar sua dieta.<\/p>\n","protected":false},"author":1,"featured_media":1997,"comment_status":"open","ping_status":"open","sticky":false,"template":"","format":"standard","meta":[],"categories":[5,3,4],"tags":[],"aioseo_notices":[],"_links":{"self":[{"href":"https:\/\/medicinaatual.com.br\/blog\/index.php\/wp-json\/wp\/v2\/posts\/359"}],"collection":[{"href":"https:\/\/medicinaatual.com.br\/blog\/index.php\/wp-json\/wp\/v2\/posts"}],"about":[{"href":"https:\/\/medicinaatual.com.br\/blog\/index.php\/wp-json\/wp\/v2\/types\/post"}],"author":[{"embeddable":true,"href":"https:\/\/medicinaatual.com.br\/blog\/index.php\/wp-json\/wp\/v2\/users\/1"}],"replies":[{"embeddable":true,"href":"https:\/\/medicinaatual.com.br\/blog\/index.php\/wp-json\/wp\/v2\/comments?post=359"}],"version-history":[{"count":0,"href":"https:\/\/medicinaatual.com.br\/blog\/index.php\/wp-json\/wp\/v2\/posts\/359\/revisions"}],"wp:featuredmedia":[{"embeddable":true,"href":"https:\/\/medicinaatual.com.br\/blog\/index.php\/wp-json\/wp\/v2\/media\/1997"}],"wp:attachment":[{"href":"https:\/\/medicinaatual.com.br\/blog\/index.php\/wp-json\/wp\/v2\/media?parent=359"}],"wp:term":[{"taxonomy":"category","embeddable":true,"href":"https:\/\/medicinaatual.com.br\/blog\/index.php\/wp-json\/wp\/v2\/categories?post=359"},{"taxonomy":"post_tag","embeddable":true,"href":"https:\/\/medicinaatual.com.br\/blog\/index.php\/wp-json\/wp\/v2\/tags?post=359"}],"curies":[{"name":"wp","href":"https:\/\/api.w.org\/{rel}","templated":true}]}}