{"id":494,"date":"2023-05-10T23:47:12","date_gmt":"2023-05-11T02:47:12","guid":{"rendered":"https:\/\/medicinaatual.com.br\/blog\/?p=494"},"modified":"2023-05-10T23:47:12","modified_gmt":"2023-05-11T02:47:12","slug":"protusao-discal-tocando-a-face-ventral-do-saco-dural-protusao-discal-definicao","status":"publish","type":"post","link":"https:\/\/medicinaatual.com.br\/blog\/index.php\/2023\/05\/10\/protusao-discal-tocando-a-face-ventral-do-saco-dural-protusao-discal-definicao\/","title":{"rendered":"Protus\u00e3o Discal Tocando A Face Ventral Do Saco Dural: Protus\u00e3o discal defini\u00e7\u00e3o."},"content":{"rendered":"<p>A coluna vertebral \u00e9 um dos principais pilares do corpo humano. Sua estrutura complexa \u00e9 composta por v\u00e1rias pe\u00e7as que trabalham em harmonia para manter nosso corpo em movimento. No entanto, as doen\u00e7as da coluna vertebral s\u00e3o bastante comuns e podem afetar negativamente a qualidade de vida das pessoas. Uma dessas enfermidades \u00e9 a protus\u00e3o discal tocando a face ventral do saco dural. O problema pode parecer intimidador, mas com o tratamento adequado, \u00e9 poss\u00edvel recuperar a sa\u00fade da coluna vertebral. Neste artigo, exploraremos mais a fundo a protus\u00e3o discal, suas causas e as principais formas de tratamento. Se voc\u00ea est\u00e1 enfrentando algum tipo de problema de coluna, este artigo pode ser \u00fatil para voc\u00ea. Acompanhe!<\/p>\n<h2>1. Desvendando a Protus\u00e3o Discal: Entenda o que \u00e9 a protus\u00e3o discal tocando a face ventral do saco dural<\/h2>\n<p>A protus\u00e3o discal \u00e9 um problema na coluna vertebral que afeta muitas pessoas, sendo uma das principais causas de dor nas costas. Ela ocorre quando o disco intervertebral se desloca e pressiona o saco dural. Isso pode causar dores nas costas, dorm\u00eancia e formigamento nas pernas e at\u00e9 mesmo fraqueza muscular.<\/p>\n<p>Para entender melhor o que \u00e9 a protus\u00e3o discal, \u00e9 importante tocar a face ventral do saco dural. Essa parte do saco \u00e9 respons\u00e1vel por proteger a medula espinhal e os nervos que saem dela. Quando o disco intervertebral pressiona o saco dural, pode causar uma compress\u00e3o nos nervos, o que resulta em dor e outros sintomas.<\/p>\n<table>\n<tr>\n<th>Tipo de protus\u00e3o<\/th>\n<th>Descri\u00e7\u00e3o<\/th>\n<\/tr>\n<tr>\n<td>Protus\u00e3o difusa<\/td>\n<td>Disco intervertebral se desloca para fora em uma dire\u00e7\u00e3o.<\/td>\n<\/tr>\n<tr>\n<td>Protus\u00e3o extrusa<\/td>\n<td>Disco intervertebral se desloca para fora e forma uma sali\u00eancia.<\/td>\n<\/tr>\n<tr>\n<td>H\u00e9rnia de disco<\/td>\n<td>Disco intervertebral se desloca para fora e rompe a camada externa.<\/td>\n<\/tr>\n<\/table>\n<p>Existem diferentes tipos de protus\u00e3o discal, como a protus\u00e3o difusa, a protus\u00e3o extrusa e a h\u00e9rnia de disco. Cada um tem suas pr\u00f3prias caracter\u00edsticas e tratamentos espec\u00edficos. \u00c9 importante procurar um m\u00e9dico caso esteja sentindo dor nas costas ou outros sintomas que possam indicar uma protus\u00e3o discal.<\/p>\n<h2>2. O que \u00e9 a Protus\u00e3o Discal? Uma abordagem completa sobre o tema que tem causado tanta d\u00favida entre as pessoas<\/h2>\n<p>A protus\u00e3o discal \u00e9 um problema que afeta muitas pessoas e est\u00e1 relacionado ao deslocamento dos discos intervertebrais. Esses discos s\u00e3o respons\u00e1veis por amortecer as estruturas \u00f3sseas da coluna vertebral e ajudar na mobilidade das v\u00e9rtebras. Quando ocorre a protus\u00e3o, parte do disco sai fora do lugar e pode pressionar as ra\u00edzes nervosas, causando dor e outros sintomas.<\/p>\n<p>Os sintomas mais comuns da protus\u00e3o discal s\u00e3o dor nas costas, dor irradiada para os bra\u00e7os ou pernas, dorm\u00eancia, formigamento e fraqueza muscular. \u00c9 importante buscar ajuda m\u00e9dica ao notar qualquer um desses sintomas, para que seja feito um diagn\u00f3stico preciso e um tratamento adequado.<\/p>\n<p>Confira abaixo uma tabela com algumas informa\u00e7\u00f5es importantes sobre a protus\u00e3o discal:<\/p>\n<p>| Fatores de risco | Sintomas | Tratamento |<br \/>\n| &#8212;&#8212;&#8212;&#8212;&#8212;- | &#8212;&#8212;&#8211; | &#8212;&#8212;&#8212;- |<br \/>\n| Idade avan\u00e7ada | Dor nas costas | Medicamentos para aliviar a dor |<br \/>\n| Sobrepeso ou obesidade | Dor irradiada para os bra\u00e7os ou pernas | Fisioterapia |<br \/>\n| Sedentarismo | Dorm\u00eancia | Acupuntura |<br \/>\n| Tabagismo | Formigamento | Cirurgia, em casos graves |<br \/>\n| Les\u00f5es anteriores na coluna | Fraqueza muscular | |<\/p>\n<p>Lembre-se sempre de cuidar da sa\u00fade da sua coluna vertebral, praticando exerc\u00edcios f\u00edsicos regularmente, mantendo o peso adequado e adotando h\u00e1bitos saud\u00e1veis.<\/p>\n<h2>3. Entendendo a Protus\u00e3o Discal e a sua rela\u00e7\u00e3o com a Face Ventral do Saco Dural: Saiba mais sobre essa condi\u00e7\u00e3o que afeta milh\u00f5es de brasileiros<\/h2>\n<p>A protus\u00e3o discal \u00e9 uma condi\u00e7\u00e3o que afeta muitos brasileiros e se torna mais comum na medida em que envelhecemos. A protus\u00e3o acontece quando o disco vertebral se torna mais fraco e come\u00e7a a pressionar o nervo ou a medula espinhal. Isso pode causar dores nas costas, nos bra\u00e7os, nas pernas e at\u00e9 mesmo na face.<\/p>\n<p>A face ventral do saco dural \u00e9 a por\u00e7\u00e3o mais anterior do saco que envolve a medula espinhal. A protus\u00e3o discal nessa regi\u00e3o pode afetar diretamente o saco dural e a medula espinhal, causando desconforto e dor ao paciente. \u00c9 importante que o indiv\u00edduo identifique rapidamente os sintomas e consulte um especialista para entender a gravidade da condi\u00e7\u00e3o e buscar o tratamento adequado.<\/p>\n<p>Confira abaixo alguns fatores que podem influenciar no desenvolvimento da protus\u00e3o discal:<\/p>\n<p>&#8211; Envelhecimento<br \/>\n&#8211; Sobrepeso ou obesidade<br \/>\n&#8211; Les\u00f5es e traumas na coluna vertebral<br \/>\n&#8211; Pr\u00e1tica de atividades f\u00edsicas de forma inadequada<\/p>\n<p>\u00c9 poss\u00edvel prevenir a protus\u00e3o discal com algumas mudan\u00e7as no dia a dia, como:<\/p>\n<p>&#8211; Manter uma postura adequada durante a realiza\u00e7\u00e3o de atividades cotidianas<br \/>\n&#8211; Praticar exerc\u00edcios f\u00edsicos regulares e adequados \u00e0 idade e capacidade do corpo<br \/>\n&#8211; Evitar sobrecarga na coluna vertebral<br \/>\n&#8211; Realizar atividades que ajudem a fortalecer a musculatura do corpo.<\/p>\n<p>Lembre-se: qualquer dor ou desconforto na coluna deve ser avaliado por um especialista, que ir\u00e1 diagnosticar a condi\u00e7\u00e3o e indicar o tratamento mais adequado. N\u00e3o ignore os sintomas!<\/p>\n<h2>4. Descubra tudo sobre a Protus\u00e3o Discal Tocando a Face Ventral do Saco Dural: Um artigo informativo, detalhado e repleto de insights valiosos<\/h2>\n<p>De acordo com pesquisas realizadas pela Organiza\u00e7\u00e3o Mundial da Sa\u00fade (OMS), a protus\u00e3o discal \u00e9 uma das principais causas de dor lombar e ci\u00e1tica em adultos. A protus\u00e3o discal ocorre quando o disco intervertebral se desloca e aperta as ra\u00edzes nervosas da coluna vertebral, causando dor, dorm\u00eancia e fraqueza nas pernas e costas.<\/p>\n<p>A maioria dos pacientes de protus\u00e3o discal apresenta sintomas leves, que podem ser tratados com fisioterapia e medicamentos para dor. No entanto, quando os sintomas se agravam, pode ser necess\u00e1rio procedimentos cir\u00fargicos para aliviar a press\u00e3o nas ra\u00edzes nervosas.<\/p>\n<p>Para entender melhor como a protus\u00e3o discal ocorre e como pode ser tratada, \u00e9 necess\u00e1rio explorar a anatomia da coluna vertebral. O saco dural \u00e9 uma membrana que cobre e protege as ra\u00edzes nervosas da coluna vertebral. Tocando a face ventral do saco dural, \u00e9 poss\u00edvel detectar a presen\u00e7a de protus\u00f5es discais e outros problemas relacionados \u00e0 coluna vertebral.<\/p>\n<p>Confira abaixo um resumo das causas, sintomas e op\u00e7\u00f5es de tratamento para a protus\u00e3o discal:<\/p>\n<table>\n<thead>\n<tr>\n<th>Causas<\/th>\n<th>Sintomas<\/th>\n<th>Tratamento<\/th>\n<\/tr>\n<\/thead>\n<tbody>\n<tr>\n<td>Idade, falta de exerc\u00edcio, les\u00f5es e m\u00e1 postura<\/td>\n<td>Dor lombar, dorm\u00eancia e fraqueza nas pernas e costas, perda de reflexos musculares<\/td>\n<td>Fisioterapia, medicamentos para dor, procedimentos cir\u00fargicos em casos graves<\/td>\n<\/tr>\n<\/tbody>\n<\/table>\n<p>Lembre-se de sempre consultar um m\u00e9dico especialista em ortopedia ou neurologia para o diagn\u00f3stico e tratamento adequados. Com o conhecimento correto sobre a protus\u00e3o discal, fica mais f\u00e1cil identificar o problema e buscar a melhor solu\u00e7\u00e3o para aliviar a dor e melhorar a qualidade de vida. E assim chegamos ao fim do nosso mergulho no mundo da protus\u00e3o discal tocando a face ventral do saco dural. Esperamos que tenha sido \u00fatil e esclarecedor entender um pouco mais sobre essa condi\u00e7\u00e3o que afeta tantas pessoas ao redor do mundo. Lembre-se sempre de buscar ajuda m\u00e9dica especializada caso esteja sofrendo com dores na regi\u00e3o da coluna e que essa condi\u00e7\u00e3o pode ser tratada de forma eficaz, garantindo uma melhora na qualidade de vida. At\u00e9 a pr\u00f3xima!<\/p>\n<p><img decoding=\"async\" src=\"https:\/\/alvolocal.com\/conteudo\/wp-content\/uploads\/2023\/04\/5768-protusao-discal-tocando-a-face-ventral-do-saco-dural-protusao-discal-definicao.jpg\" alt=\"Protus\u00e3o Discal Tocando A Face Ventral Do Saco Dural: Protus\u00e3o discal defini\u00e7\u00e3o.\" ><\/p>\n","protected":false},"excerpt":{"rendered":"<p>A protus\u00e3o discal \u00e9 uma condi\u00e7\u00e3o na qual um disco intervertebral \u00e9 deslocado para fora de sua posi\u00e7\u00e3o normal, podendo tocar a face ventral do saco dural. Isso pode causar diversos sintomas, como dor nas costas, dorm\u00eancia, formigamento e at\u00e9 mesmo dor nas pernas. \u00c9 importante buscar ajuda m\u00e9dica ao identificar os primeiros sinais para tratamento adequado.<\/p>\n","protected":false},"author":1,"featured_media":1863,"comment_status":"open","ping_status":"open","sticky":false,"template":"","format":"standard","meta":[],"categories":[5,3,4],"tags":[],"aioseo_notices":[],"_links":{"self":[{"href":"https:\/\/medicinaatual.com.br\/blog\/index.php\/wp-json\/wp\/v2\/posts\/494"}],"collection":[{"href":"https:\/\/medicinaatual.com.br\/blog\/index.php\/wp-json\/wp\/v2\/posts"}],"about":[{"href":"https:\/\/medicinaatual.com.br\/blog\/index.php\/wp-json\/wp\/v2\/types\/post"}],"author":[{"embeddable":true,"href":"https:\/\/medicinaatual.com.br\/blog\/index.php\/wp-json\/wp\/v2\/users\/1"}],"replies":[{"embeddable":true,"href":"https:\/\/medicinaatual.com.br\/blog\/index.php\/wp-json\/wp\/v2\/comments?post=494"}],"version-history":[{"count":0,"href":"https:\/\/medicinaatual.com.br\/blog\/index.php\/wp-json\/wp\/v2\/posts\/494\/revisions"}],"wp:featuredmedia":[{"embeddable":true,"href":"https:\/\/medicinaatual.com.br\/blog\/index.php\/wp-json\/wp\/v2\/media\/1863"}],"wp:attachment":[{"href":"https:\/\/medicinaatual.com.br\/blog\/index.php\/wp-json\/wp\/v2\/media?parent=494"}],"wp:term":[{"taxonomy":"category","embeddable":true,"href":"https:\/\/medicinaatual.com.br\/blog\/index.php\/wp-json\/wp\/v2\/categories?post=494"},{"taxonomy":"post_tag","embeddable":true,"href":"https:\/\/medicinaatual.com.br\/blog\/index.php\/wp-json\/wp\/v2\/tags?post=494"}],"curies":[{"name":"wp","href":"https:\/\/api.w.org\/{rel}","templated":true}]}}