{"id":565,"date":"2023-04-29T05:09:46","date_gmt":"2023-04-29T08:09:46","guid":{"rendered":"https:\/\/medicinaatual.com.br\/blog\/?p=565"},"modified":"2023-04-29T05:09:46","modified_gmt":"2023-04-29T08:09:46","slug":"ferida-no-couro-cabeludo-causas-de-coceira-e-feridas-no-couro-cabeludo-em-adultos-imunidade-baixa-e-oleosidade","status":"publish","type":"post","link":"https:\/\/medicinaatual.com.br\/blog\/index.php\/2023\/04\/29\/ferida-no-couro-cabeludo-causas-de-coceira-e-feridas-no-couro-cabeludo-em-adultos-imunidade-baixa-e-oleosidade\/","title":{"rendered":"Ferida No Couro Cabeludo: Causas de coceira e feridas no couro cabeludo em adultos imunidade baixa e oleosidade."},"content":{"rendered":"<p>O couro cabeludo \u00e9 uma \u00e1rea delicada e sens\u00edvel do corpo humano, e qualquer sinal de coceira ou ferida pode ser extremamente inc\u00f4modo e preocupante. Fatores como imunidade baixa e oleosidade excessiva podem desencadear problemas no couro cabeludo, gerando sintomas como coceira intensa, irrita\u00e7\u00e3o e vermelhid\u00e3o. Neste artigo, vamos explorar as principais causas de feridas no couro cabeludo em adultos e como elas podem ser tratadas de maneira eficaz, para que voc\u00ea possa recuperar a sa\u00fade e o bem-estar do seu cabelo e couro cabeludo.<\/p>\n<h2>1. &#8220;Desvendando a Ferida no Couro Cabeludo: Um Guia Completo&#8221;<\/h2>\n<h2>As causas da ferida no couro cabeludo<\/h2>\n<p>A ferida no couro cabeludo pode ter v\u00e1rias causas. Algumas das causas mais comuns s\u00e3o:<\/p>\n<ul>\n<li>Les\u00f5es<\/li>\n<li>Infec\u00e7\u00f5es f\u00fangicas ou bacterianas<\/li>\n<li>Alergias cut\u00e2neas<\/li>\n<li>Transtornos do sistema imunol\u00f3gico<\/li>\n<li>Psor\u00edase<\/li>\n<li>Hansen\u00edase<\/li>\n<\/ul>\n<h2>Como tratar a ferida no couro cabeludo<\/h2>\n<p>O tratamento da ferida no couro cabeludo depende da causa subjacente. H\u00e1 muitas op\u00e7\u00f5es de tratamento dispon\u00edveis, incluindo:<\/p>\n<ul>\n<li>Antibi\u00f3ticos orais ou t\u00f3picos<\/li>\n<li>Cremes corticosteroides<\/li>\n<li>Xampus medicamentosos<\/li>\n<li>Cirurgia<\/li>\n<\/ul>\n<table>\n<tr>\n<th>Causa<\/th>\n<th>Tratamento<\/th>\n<\/tr>\n<tr>\n<td>Les\u00f5es<\/td>\n<td>Lavagem da ferida com \u00e1gua e sab\u00e3o, uso de pomadas cicatrizantes<\/td>\n<\/tr>\n<tr>\n<td>Infec\u00e7\u00f5es f\u00fangicas ou bacterianas<\/td>\n<td>Antibi\u00f3ticos orais ou t\u00f3picos, xampus medicamentosos<\/td>\n<\/tr>\n<tr>\n<td>Alergias cut\u00e2neas<\/td>\n<td>Cremes corticosteroides, evitar o contato com o causador da alergia<\/td>\n<\/tr>\n<tr>\n<td>Transtornos do sistema imunol\u00f3gico<\/td>\n<td>Corticosteroides orais ou injet\u00e1veis<\/td>\n<\/tr>\n<tr>\n<td>Psor\u00edase<\/td>\n<td>Medicamentos t\u00f3picos ou orais<\/td>\n<\/tr>\n<tr>\n<td>Hansen\u00edase<\/td>\n<td>Tratamento antimicrobiano<\/td>\n<\/tr>\n<\/table>\n<h2>2. &#8220;Coceira e Feridas no Couro Cabeludo: Os Vil\u00f5es da Imunidade Baixa e Oleosidade&#8221;<\/h2>\n<p>A coceira e as feridas no couro cabeludo podem ser sinais de uma imunidade baixa ou oleosidade excessiva. Ambas as condi\u00e7\u00f5es podem ser tratadas com cuidados e h\u00e1bitos de higiene adequados. <\/p>\n<p>Para prevenir o aparecimento de coceira e feridas, \u00e9 importante manter o couro cabeludo limpo e seco. Usar um shampoo suave e adequado ao tipo de cabelo tamb\u00e9m ajuda a evitar problemas. Al\u00e9m disso, existem alguns alimentos que podem ajudar a fortalecer a imunidade do corpo, como frutas c\u00edtricas e vegetais de folhas verdes.<\/p>\n<table>\n<tr>\n<th>Alimentos que ajudam a fortalecer a imunidade<\/th>\n<th>Alimentos que devem ser evitados<\/th>\n<\/tr>\n<tr>\n<td>\n<ul>\n<li>Laranja<\/li>\n<li>Lim\u00e3o<\/li>\n<li>Br\u00f3colis<\/li>\n<\/ul>\n<\/td>\n<td>\n<ul>\n<li>Frituras<\/li>\n<li>Fast-food<\/li>\n<li>Alimentos com alto teor de a\u00e7\u00facar<\/li>\n<\/ul>\n<\/td>\n<\/tr>\n<\/table>\n<p>Outra forma de aliviar a coceira e a irrita\u00e7\u00e3o \u00e9 usar produtos espec\u00edficos que contenham ingredientes como aloe vera, camomila e mentol. Outros tratamentos podem incluir massagens no couro cabeludo ou aplica\u00e7\u00e3o de \u00f3leos essenciais, como o \u00f3leo de tea tree.<\/p>\n<h2>3. &#8220;O Que Causa Feridas no Couro Cabeludo em Adultos? Descubra Aqui!&#8221;<\/h2>\n<p>Existem diversas raz\u00f5es que podem causar feridas no couro cabeludo em adultos, desde problemas de pele at\u00e9 condi\u00e7\u00f5es m\u00e9dicas mais graves. A seguir, apresentamos algumas das principais causas de feridas no couro cabeludo em adultos:<\/p>\n<p>&#8211; Dermatite seborreica: \u00c9 uma condi\u00e7\u00e3o inflamat\u00f3ria que afeta principalmente \u00e1reas onde h\u00e1 maior produ\u00e7\u00e3o de \u00f3leo, como o couro cabeludo, causando descama\u00e7\u00e3o e vermelhid\u00e3o.<br \/>\n&#8211; Psor\u00edase: \u00c9 uma doen\u00e7a autoimune que causa o ac\u00famulo de c\u00e9lulas na superf\u00edcie da pele, formando manchas avermelhadas e escamosas.<br \/>\n&#8211; Foliculite: \u00c9 uma infec\u00e7\u00e3o f\u00fangica ou bacteriana que afeta os fol\u00edculos pilosos do couro cabeludo, causando dor e coceira.<br \/>\n&#8211; L\u00fapus cut\u00e2neo: \u00c9 uma forma de l\u00fapus que afeta a pele, causando les\u00f5es, incluindo no couro cabeludo.<\/p>\n<p>Se voc\u00ea estiver sofrendo com feridas no couro cabeludo, \u00e9 importante procurar um dermatologista para avaliar a causa e indicar o tratamento adequado. Em alguns casos, podem ser necess\u00e1rios medicamentos t\u00f3picos ou orais, al\u00e9m de mudan\u00e7as nos h\u00e1bitos de cuidado com o cabelo.<\/p>\n<h2>4. &#8220;Combata as Feridas no Couro Cabeludo: Dicas Valiosas para Tratar a Coceira e a Descama\u00e7\u00e3o<\/h2>\n<p>Muitas pessoas sofrem com feridas no couro cabeludo, o que pode ser muito desconfort\u00e1vel. A coceira e a descama\u00e7\u00e3o podem ser sintomas comuns dessa condi\u00e7\u00e3o, que pode ser causada por diversos fatores, como estresse, mudan\u00e7as hormonais, alergias e at\u00e9 mesmo pela m\u00e1 utiliza\u00e7\u00e3o de produtos capilares.<\/p>\n<p>Para tratar essa condi\u00e7\u00e3o, \u00e9 importante adotar algumas medidas simples, mas eficazes. Confira algumas dicas valiosas para combater as feridas no couro cabeludo:<\/p>\n<p>&#8211; Utilize um shampoo suave e espec\u00edfico para o seu tipo de cabelo;<br \/>\n&#8211; Evite co\u00e7ar o couro cabeludo, pois isso pode agravar a situa\u00e7\u00e3o;<br \/>\n&#8211; Hidrate os fios regularmente, com produtos adequados e indicados por um profissional de cabelo;<br \/>\n&#8211; Aposte em alimentos ricos em vitaminas e minerais, como frutas e vegetais, para fortalecer os fios de dentro para fora;<br \/>\n&#8211; Mantenha uma boa higiene capilar, lavando os cabelos regularmente e evitando o ac\u00famulo de sujeira e oleosidade.<\/p>\n<p>Com essas simples precau\u00e7\u00f5es, \u00e9 poss\u00edvel aliviar a coceira e a descama\u00e7\u00e3o no couro cabeludo e recuperar a sa\u00fade dos fios. Lembre-se: se os sintomas persistirem ou piorarem, procure um profissional especializado para um diagn\u00f3stico mais preciso e um tratamento adequado. <\/p>\n<table>\n<thead>\n<tr>\n<th>Dicas<\/th>\n<th>Descri\u00e7\u00e3o<\/th>\n<\/tr>\n<\/thead>\n<tbody>\n<tr>\n<td>Utilize um shampoo suave<\/td>\n<td>Escolha um produto adequado para seu tipo de cabelo e massageie suavemente o couro cabeludo<\/td>\n<\/tr>\n<tr>\n<td>Evite co\u00e7ar o couro cabeludo<\/td>\n<td>Co\u00e7ar pode causar irrita\u00e7\u00e3o e agravar a situa\u00e7\u00e3o. Use t\u00e9cnicas de medita\u00e7\u00e3o ou distra\u00e7\u00e3o para evitar co\u00e7ar<\/td>\n<\/tr>\n<tr>\n<td>Hidrate os fios regularmente<\/td>\n<td>Utilize produtos espec\u00edficos de hidrata\u00e7\u00e3o e siga as recomenda\u00e7\u00f5es do profissional de cabelo. Hidratar ajuda a manter os fios saud\u00e1veis e reduz a coceira no couro cabeludo<\/td>\n<\/tr>\n<tr>\n<td>Aposte em alimentos ricos em vitaminas e minerais<\/td>\n<td>Alimentos ricos em vitamina A (cenoura, batata doce), vitamina C (lim\u00e3o, laranja, morango) e zinco (castanha do par\u00e1, frango) s\u00e3o \u00f3timos para fortalecer os fios e reduzir a coceira no couro cabeludo<\/td>\n<\/tr>\n<tr>\n<td>Mantenha uma boa higiene capilar<\/td>\n<td>Lave os cabelos regularmente, evitando o ac\u00famulo de sujeira e oleosidade, e evite usar produtos capilares em excesso<\/td>\n<\/tr>\n<\/tbody>\n<\/table>\n<p> E assim, chegamos ao fim de mais um artigo sobre feridas no couro cabeludo. Esperamos que as informa\u00e7\u00f5es apresentadas possam ser \u00fateis para entender as causas da coceira e das feridas no couro cabeludo para adultos que apresentam imunidade baixa e oleosidade excessiva. Vale lembrar que a melhor forma de prevenir problemas no couro cabeludo \u00e9 mantendo uma rotina de cuidados com os cabelos e, \u00e9 claro, mantendo uma alimenta\u00e7\u00e3o saud\u00e1vel e equilibrada. Por fim, se as feridas e coceiras persistirem, n\u00e3o hesite em buscar a ajuda de um dermatologista para um diagn\u00f3stico preciso e um tratamento eficaz.<\/p>\n<p><img decoding=\"async\" src=\"https:\/\/alvolocal.com\/conteudo\/wp-content\/uploads\/2023\/04\/5910-ferida-no-couro-cabeludo-causas-de-coceira-e-feridas-no-couro-cabeludo-em-adultos-imunidade-baixa-e-oleosidade.jpg\" alt=\"Ferida No Couro Cabeludo: Causas de coceira e feridas no couro cabeludo em adultos imunidade baixa e oleosidade.\" ><\/p>\n","protected":false},"excerpt":{"rendered":"<p>O couro cabeludo \u00e9 uma parte sens\u00edvel do nosso corpo e pode acabar sofrendo com algumas condi\u00e7\u00f5es. Ao sentir coceira e notar pequenas feridas, \u00e9 importante entender as poss\u00edveis causas. Em adultos com imunidade baixa e oleosidade excessiva, essa situa\u00e7\u00e3o pode se tornar recorrente. Vamos explorar esses fatores para entender melhor como tratar e prevenir essas irrita\u00e7\u00f5es no couro cabeludo.<\/p>\n","protected":false},"author":1,"featured_media":1797,"comment_status":"open","ping_status":"open","sticky":false,"template":"","format":"standard","meta":[],"categories":[5,3,4],"tags":[],"aioseo_notices":[],"_links":{"self":[{"href":"https:\/\/medicinaatual.com.br\/blog\/index.php\/wp-json\/wp\/v2\/posts\/565"}],"collection":[{"href":"https:\/\/medicinaatual.com.br\/blog\/index.php\/wp-json\/wp\/v2\/posts"}],"about":[{"href":"https:\/\/medicinaatual.com.br\/blog\/index.php\/wp-json\/wp\/v2\/types\/post"}],"author":[{"embeddable":true,"href":"https:\/\/medicinaatual.com.br\/blog\/index.php\/wp-json\/wp\/v2\/users\/1"}],"replies":[{"embeddable":true,"href":"https:\/\/medicinaatual.com.br\/blog\/index.php\/wp-json\/wp\/v2\/comments?post=565"}],"version-history":[{"count":0,"href":"https:\/\/medicinaatual.com.br\/blog\/index.php\/wp-json\/wp\/v2\/posts\/565\/revisions"}],"wp:featuredmedia":[{"embeddable":true,"href":"https:\/\/medicinaatual.com.br\/blog\/index.php\/wp-json\/wp\/v2\/media\/1797"}],"wp:attachment":[{"href":"https:\/\/medicinaatual.com.br\/blog\/index.php\/wp-json\/wp\/v2\/media?parent=565"}],"wp:term":[{"taxonomy":"category","embeddable":true,"href":"https:\/\/medicinaatual.com.br\/blog\/index.php\/wp-json\/wp\/v2\/categories?post=565"},{"taxonomy":"post_tag","embeddable":true,"href":"https:\/\/medicinaatual.com.br\/blog\/index.php\/wp-json\/wp\/v2\/tags?post=565"}],"curies":[{"name":"wp","href":"https:\/\/api.w.org\/{rel}","templated":true}]}}