{"id":628,"date":"2023-05-04T09:28:41","date_gmt":"2023-05-04T12:28:41","guid":{"rendered":"https:\/\/medicinaatual.com.br\/blog\/?p=628"},"modified":"2023-05-04T09:28:41","modified_gmt":"2023-05-04T12:28:41","slug":"problemas-no-figado-apos-retirada-da-vesicula-apos-retirar-a-vesicula-ha-5-anos-tenho-colicas-e-diarreia-apos-as-refeicoes","status":"publish","type":"post","link":"https:\/\/medicinaatual.com.br\/blog\/index.php\/2023\/05\/04\/problemas-no-figado-apos-retirada-da-vesicula-apos-retirar-a-vesicula-ha-5-anos-tenho-colicas-e-diarreia-apos-as-refeicoes\/","title":{"rendered":"Problemas No F\u00edgado Ap\u00f3s Retirada Da Ves\u00edcula: Ap\u00f3s retirar a ves\u00edcula h\u00e1 5 anos, tenho c\u00f3licas e diarreia ap\u00f3s as refei\u00e7\u00f5es."},"content":{"rendered":"<p>H\u00e1 cerca de 5 anos, muitas coisas mudaram na vida de quem retirou a ves\u00edcula. Mesmo que o procedimento cir\u00fargico pare\u00e7a simples, as consequ\u00eancias em longo prazo podem ser mais complexas do que se imagina. Entre os poss\u00edveis problemas, destacam-se aqueles relacionados ao f\u00edgado. Se voc\u00ea est\u00e1 sentindo c\u00f3licas e diarreia ap\u00f3s as refei\u00e7\u00f5es, vale a pena ler este artigo para entender mais sobre como a retirada da ves\u00edcula pode afetar a sa\u00fade do seu f\u00edgado.<\/p>\n<h2>1. A Ves\u00edcula Biliar e os Problemas no F\u00edgado<\/h2>\n<p>A ves\u00edcula biliar \u00e9 um \u00f3rg\u00e3o pequeno em forma de p\u00eara que fica na parte superior do abd\u00f4men, abaixo do f\u00edgado. Sua fun\u00e7\u00e3o \u00e9 armazenar a bile, subst\u00e2ncia produzida pelo f\u00edgado e essencial na digest\u00e3o de gorduras. No entanto, o mau funcionamento da ves\u00edcula biliar pode causar diversos problemas no f\u00edgado.<\/p>\n<p>Um problema comum \u00e9 a forma\u00e7\u00e3o de pedras na ves\u00edcula biliar, conhecidas como c\u00e1lculos biliares. Isso pode levar a uma inflama\u00e7\u00e3o do \u00f3rg\u00e3o, conhecida como colecistite. A colecistite pode irritar o f\u00edgado, causando inflama\u00e7\u00e3o e at\u00e9 mesmo fal\u00eancia desse \u00f3rg\u00e3o vital.<\/p>\n<p>Al\u00e9m disso, a falta de bile tamb\u00e9m pode causar problemas no f\u00edgado. A bile \u00e9 essencial para a absor\u00e7\u00e3o de nutrientes, como as vitaminas lipossol\u00faveis, que ajudam no processo de coagula\u00e7\u00e3o sangu\u00ednea, fortalecimento dos ossos e manuten\u00e7\u00e3o da pele saud\u00e1vel.<\/p>\n<p>Para evitar danos ao f\u00edgado causados pela ves\u00edcula biliar, \u00e9 importante manter uma dieta equilibrada e evitar o consumo excessivo de alimentos ricos em gordura. A pr\u00e1tica regular de exerc\u00edcios f\u00edsicos tamb\u00e9m \u00e9 essencial para manter um f\u00edgado saud\u00e1vel.<\/p>\n<table>\n<caption>Tabela de alimentos ricos em lip\u00eddios<\/caption>\n<thead>\n<tr>\n<th>Alimentos<\/th>\n<th>Quantidade de gordura (g) por 100g<\/th>\n<\/tr>\n<\/thead>\n<tbody>\n<tr>\n<td>Amendoim<\/td>\n<td>49,2<\/td>\n<\/tr>\n<tr>\n<td>Queijo Mussarela<\/td>\n<td>26,9<\/td>\n<\/tr>\n<tr>\n<td>Bacon<\/td>\n<td>42,5<\/td>\n<\/tr>\n<tr>\n<td>Abacate<\/td>\n<td>15,4<\/td>\n<\/tr>\n<\/tbody>\n<\/table>\n<p><strong>Fonte: <\/strong>Minist\u00e9rio da Sa\u00fade<\/p>\n<h2>2. A Remo\u00e7\u00e3o da Ves\u00edcula e seus Poss\u00edveis Efeitos Colaterais<\/h2>\n<p>A remo\u00e7\u00e3o da ves\u00edcula biliar, conhecida como colecistectomia, \u00e9 um procedimento comum que envolve a retirada da ves\u00edcula biliar, geralmente devido \u00e0 presen\u00e7a de pedras. Embora a cirurgia seja relativamente segura, existem alguns efeitos colaterais potenciais que os pacientes devem estar cientes.<\/p>\n<p>Alguns poss\u00edveis efeitos colaterais da remo\u00e7\u00e3o da ves\u00edcula biliar incluem:<\/p>\n<ul>\n<li>Dor abdominal e nas costas<\/li>\n<li>Diarreia ou fezes soltas<\/li>\n<li>Indigest\u00e3o e azia<\/li>\n<li>N\u00e1usea e v\u00f4mitos<\/li>\n<li>Incha\u00e7o e flatul\u00eancia<\/li>\n<\/ul>\n<p>\u00c9 importante notar que nem todos os pacientes experimentam esses efeitos colaterais, e muitos deles desaparecem naturalmente com o tempo. Em alguns casos, pode ser necess\u00e1rio tomar medicamentos para aliviar esses sintomas.<\/p>\n<table>\n<tr>\n<th>Tipo de Efeito Colateral<\/th>\n<th>Percentual de Pacientes<\/th>\n<\/tr>\n<tr>\n<td>Dor abdominal e nas costas<\/td>\n<td>At\u00e9 30%<\/td>\n<\/tr>\n<tr>\n<td>Diarreia ou fezes soltas<\/td>\n<td>Entre 10% e 15%<\/td>\n<\/tr>\n<tr>\n<td>Indigest\u00e3o e azia<\/td>\n<td>Entre 5% e 10%<\/td>\n<\/tr>\n<tr>\n<td>N\u00e1usea e v\u00f4mitos<\/td>\n<td>Entre 5% e 10%<\/td>\n<\/tr>\n<tr>\n<td>Incha\u00e7o e flatul\u00eancia<\/td>\n<td>Entre 5% e 10%<\/td>\n<\/tr>\n<\/table>\n<h2>3. Cinco Anos Ap\u00f3s a Cirurgia: C\u00f3licas e Diarreia P\u00f3s-Prandial<\/h2>\n<p>Depois de cinco anos da cirurgia bari\u00e1trica, alguns pacientes podem apresentar sintomas como c\u00f3licas e diarreia ap\u00f3s as refei\u00e7\u00f5es \u2013 conhecidos como c\u00f3licas p\u00f3s-prandiais. Esses sintomas podem ser desagrad\u00e1veis e at\u00e9 mesmo constrangedores, mas existem algumas medidas que podem ser tomadas para minimiz\u00e1-los.<\/p>\n<p>Uma das causas mais comuns de c\u00f3licas p\u00f3s-prandiais \u00e9 a ingest\u00e3o excessiva de alimentos ricos em a\u00e7\u00facares e gorduras. Por isso, \u00e9 importante adotar uma alimenta\u00e7\u00e3o saud\u00e1vel e equilibrada, evitando alimentos processados e industrializados. Al\u00e9m disso, pacientes que apresentam c\u00f3licas p\u00f3s-prandiais devem evitar fazer grandes refei\u00e7\u00f5es de uma s\u00f3 vez, optando por fazer pequenas refei\u00e7\u00f5es ao longo do dia.<\/p>\n<table>\n<tr>\n<th>Alimentos que devem ser evitados<\/th>\n<th>Alimentos recomendados<\/th>\n<\/tr>\n<tr>\n<td>\n<ul>\n<li>Frituras<\/li>\n<li>Doces<\/li>\n<li>Refrigerantes<\/li>\n<\/ul>\n<\/td>\n<td>\n<ul>\n<li>Frutas<\/li>\n<li>Vegetais<\/li>\n<li>Prote\u00ednas magras (frango, peixe, carne vermelha magra)<\/li>\n<\/ul>\n<\/td>\n<\/tr>\n<\/table>\n<h2>4. Tratamentos Dispon\u00edveis para Aliviar os Sintomas P\u00f3s-Operat\u00f3rios<\/h2>\n<p>Os sintomas p\u00f3s-operat\u00f3rios podem variar dependendo do tipo de cirurgia realizada, no entanto, \u00e9 comum sentir dor, incha\u00e7o e desconforto. Para aliviar esses sintomas, existem diversos tratamentos dispon\u00edveis que podem ser adotados, como:<\/p>\n<p><b>1. Analg\u00e9sicos:<\/b> medicamentos prescritos pelo m\u00e9dico para o controle da dor. Exemplos incluem paracetamol, ibuprofeno e code\u00edna.<\/p>\n<p><b>2. Compressas frias ou quentes:<\/b> a aplica\u00e7\u00e3o de compressas pode ajudar a aliviar a dor e o incha\u00e7o. A compressa fria \u00e9 usada para reduzir o incha\u00e7o, enquanto a compressa quente ajuda a relaxar os m\u00fasculos.<\/p>\n<p><b>3. Fisioterapia:<\/b> a fisioterapia pode ser recomendada para fortalecer os m\u00fasculos e melhorar a mobilidade ap\u00f3s a cirurgia. O tratamento pode incluir exerc\u00edcios espec\u00edficos e t\u00e9cnicas de massagem.<\/p>\n<p><b>4. Acupuntura:<\/b> a acupuntura \u00e9 uma t\u00e9cnica chinesa que utiliza agulhas finas para estimular pontos espec\u00edficos do corpo. Estudos mostram que pode ajudar a reduzir a dor e a inflama\u00e7\u00e3o.<\/p>\n<p>Al\u00e9m dessas op\u00e7\u00f5es, outros tratamentos tamb\u00e9m podem ser recomendados pelo m\u00e9dico, como terapia ocupacional e uso de dispositivos de apoio, como uma \u00f3rtese ou uma bengala. \u00c9 importante seguir as recomenda\u00e7\u00f5es m\u00e9dicas e informar ao profissional sobre qualquer rea\u00e7\u00e3o adversa aos medicamentos ou tratamentos realizados. <\/p>\n<table>\n<tr>\n<th>Tratamento<\/th>\n<th>Descri\u00e7\u00e3o<\/th>\n<\/tr>\n<tr>\n<td>Analg\u00e9sicos<\/td>\n<td>Medicamentos prescritos pelo m\u00e9dico para o controle da dor<\/td>\n<\/tr>\n<tr>\n<td>Compressas frias ou quentes<\/td>\n<td>Aplica\u00e7\u00e3o de compressas para aliviar a dor e o incha\u00e7o<\/td>\n<\/tr>\n<tr>\n<td>Fisioterapia<\/td>\n<td>Fortalecimento muscular e melhora da mobilidade<\/td>\n<\/tr>\n<tr>\n<td>Acupuntura<\/td>\n<td>Estimula\u00e7\u00e3o de pontos espec\u00edficos do corpo com agulhas finas<\/td>\n<\/tr>\n<\/table>\n<p> E assim chegamos ao fim deste artigo sobre os problemas no f\u00edgado ap\u00f3s a retirada da ves\u00edcula biliar. \u00c9 importante destacar que cada caso \u00e9 \u00fanico e deve ser avaliado individualmente por um profissional da sa\u00fade qualificado. Compartilhar experi\u00eancias e buscar informa\u00e7\u00f5es pode ser fundamental para encontrar solu\u00e7\u00f5es e melhorar a qualidade de vida. Esperamos ter ajudado de alguma forma e desejamos boa sorte nessa jornada rumo \u00e0 sa\u00fade e bem-estar.<\/p>\n<p><img decoding=\"async\" src=\"https:\/\/alvolocal.com\/conteudo\/wp-content\/uploads\/2023\/04\/6036-problemas-no-figado-apos-retirada-da-vesicula-apos-retirar-a-vesicula-ha-5-anos-tenho-colicas-e-diarreia-apos-as-refeicoes.jpg\" alt=\"Problemas No F\u00edgado Ap\u00f3s Retirada Da Ves\u00edcula: Ap\u00f3s retirar a ves\u00edcula h\u00e1 5 anos, tenho c\u00f3licas e diarreia ap\u00f3s as refei\u00e7\u00f5es.\" ><\/p>\n","protected":false},"excerpt":{"rendered":"<p>Desde que retirei minha ves\u00edcula h\u00e1 cinco anos, venho lidando com problemas no f\u00edgado. Constantemente experimento c\u00f3licas e diarreia logo ap\u00f3s as refei\u00e7\u00f5es. Esses sintomas me deixam preocupado e buscar entender o porqu\u00ea deles acontecerem.<\/p>\n","protected":false},"author":1,"featured_media":1737,"comment_status":"open","ping_status":"open","sticky":false,"template":"","format":"standard","meta":[],"categories":[5,3,4],"tags":[],"aioseo_notices":[],"_links":{"self":[{"href":"https:\/\/medicinaatual.com.br\/blog\/index.php\/wp-json\/wp\/v2\/posts\/628"}],"collection":[{"href":"https:\/\/medicinaatual.com.br\/blog\/index.php\/wp-json\/wp\/v2\/posts"}],"about":[{"href":"https:\/\/medicinaatual.com.br\/blog\/index.php\/wp-json\/wp\/v2\/types\/post"}],"author":[{"embeddable":true,"href":"https:\/\/medicinaatual.com.br\/blog\/index.php\/wp-json\/wp\/v2\/users\/1"}],"replies":[{"embeddable":true,"href":"https:\/\/medicinaatual.com.br\/blog\/index.php\/wp-json\/wp\/v2\/comments?post=628"}],"version-history":[{"count":0,"href":"https:\/\/medicinaatual.com.br\/blog\/index.php\/wp-json\/wp\/v2\/posts\/628\/revisions"}],"wp:featuredmedia":[{"embeddable":true,"href":"https:\/\/medicinaatual.com.br\/blog\/index.php\/wp-json\/wp\/v2\/media\/1737"}],"wp:attachment":[{"href":"https:\/\/medicinaatual.com.br\/blog\/index.php\/wp-json\/wp\/v2\/media?parent=628"}],"wp:term":[{"taxonomy":"category","embeddable":true,"href":"https:\/\/medicinaatual.com.br\/blog\/index.php\/wp-json\/wp\/v2\/categories?post=628"},{"taxonomy":"post_tag","embeddable":true,"href":"https:\/\/medicinaatual.com.br\/blog\/index.php\/wp-json\/wp\/v2\/tags?post=628"}],"curies":[{"name":"wp","href":"https:\/\/api.w.org\/{rel}","templated":true}]}}