{"id":646,"date":"2023-05-06T11:30:50","date_gmt":"2023-05-06T14:30:50","guid":{"rendered":"https:\/\/medicinaatual.com.br\/blog\/?p=646"},"modified":"2023-05-06T11:30:50","modified_gmt":"2023-05-06T14:30:50","slug":"boca-roxo-e-normal-ter-uma-forma-de-w-roxa-no-limite-entre-o-palato-duro-e-o-mole","status":"publish","type":"post","link":"https:\/\/medicinaatual.com.br\/blog\/index.php\/2023\/05\/06\/boca-roxo-e-normal-ter-uma-forma-de-w-roxa-no-limite-entre-o-palato-duro-e-o-mole\/","title":{"rendered":"Boca Roxo: \u00c9 normal ter uma forma de W roxa no limite entre o palato duro e o mole?"},"content":{"rendered":"<p>Entre as diversas caracter\u00edsticas f\u00edsicas que tornam cada pessoa \u00fanica, a forma do palato \u00e9 uma delas. Se por um lado \u00e9 algo pouco observado, por outro, pode gerar d\u00favidas e curiosidades. E uma delas \u00e9: &#8220;\u00c9 normal ter uma forma de W roxa no limite entre o palato duro e o mole?&#8221;. Dessa forma, analisemos com calma e informa\u00e7\u00f5es precisas essa quest\u00e3o relacionada ao Boca Roxo.<\/p>\n<h2>Boca Roxo: Mais um mist\u00e9rio da anatomia humana?<\/h2>\n<p>Ultimamente, muito tem se falado sobre o misterioso Boca Roxo, uma condi\u00e7\u00e3o rara da anatomia humana que deixa os l\u00e1bios com uma colora\u00e7\u00e3o escura e, em casos mais graves, pode levar \u00e0 perda de dentes e l\u00e1bio leporino.<\/p>\n<p>Apesar de ainda n\u00e3o haver uma explica\u00e7\u00e3o clara para a origem dessa condi\u00e7\u00e3o, estudos apontam que pode ser causada por uma combina\u00e7\u00e3o de fatores gen\u00e9ticos, ambientais e de h\u00e1bitos di\u00e1rios.<\/p>\n<table>\n<tr>\n<th>Principais sintomas<\/th>\n<th>Tratamentos<\/th>\n<\/tr>\n<tr>\n<td>\n<ul>\n<li>L\u00e1bios com colora\u00e7\u00e3o roxa ou azulada<\/li>\n<li>Dor ou desconforto nos l\u00e1bios<\/li>\n<li>Forma\u00e7\u00e3o de feridas ou \u00falceras<\/li>\n<li>Perda de dentes<\/li>\n<\/ul>\n<\/td>\n<td>\n<ul>\n<li>Cirurgia para corre\u00e7\u00e3o do l\u00e1bio leporino<\/li>\n<li>Tratamento odontol\u00f3gico para recupera\u00e7\u00e3o dent\u00e1ria<\/li>\n<li>Uso de medicamentos t\u00f3picos para controlar dor e inflama\u00e7\u00e3o<\/li>\n<li>Tratamento para controle de h\u00e1bitos nocivos, como fumo e \u00e1lcool<\/li>\n<\/ul>\n<\/td>\n<\/tr>\n<\/table>\n<p>Embora ainda seja um mist\u00e9rio da medicina, \u00e9 importante estar atento aos sinais e sintomas do Boca Roxo e buscar ajuda m\u00e9dica para diagn\u00f3stico e tratamento adequado.<\/p>\n<h2>O que \u00e9 a forma de W roxa no limite do palato mole e duro?<\/h2>\n<p>A forma de W roxa que algumas pessoas apresentam no limite entre o palato mole e duro \u00e9 conhecida como linha m\u00e9dia palatina. Ela \u00e9 uma linha escurecida que se estende da frente para a parte de tr\u00e1s do palato do indiv\u00edduo.<\/p>\n<p>Essa linha \u00e9 comum em algumas pessoas e geralmente n\u00e3o \u00e9 uma indica\u00e7\u00e3o de qualquer problema de sa\u00fade ou condi\u00e7\u00e3o m\u00e9dica. No entanto, em casos raros, pode ser um sinal de alguma condi\u00e7\u00e3o, como a falta de um dente ou uma fissura palatina.<\/p>\n<p>Para saber se a linha m\u00e9dia palatina roxa \u00e9 uma indica\u00e7\u00e3o de uma condi\u00e7\u00e3o mais s\u00e9ria, \u00e9 importante consultar um dentista ou profissional de sa\u00fade. Eles podem verificar a sa\u00fade geral do palato e determinar se algum tratamento \u00e9 necess\u00e1rio.<\/p>\n<h2>Algumas curiosidades sobre o palato<\/h2>\n<ul>\n<li>O palato duro \u00e9 a parte que fica mais pr\u00f3xima dos dentes superiores;<\/li>\n<li>O palato mole \u00e9 mais flex\u00edvel e fica um pouco mais para tr\u00e1s;<\/li>\n<li>Uma das fun\u00e7\u00f5es do palato \u00e9 ajudar na mastiga\u00e7\u00e3o e degluti\u00e7\u00e3o de alimentos;<\/li>\n<li>Algumas pessoas podem ter um palato mais arqueado, o que pode afetar o modo de falar;<\/li>\n<\/ul>\n<table>\n<tr>\n<th>Tamanho do palato<\/th>\n<th>Sexo<\/th>\n<th>M\u00e9dia (cm)<\/th>\n<\/tr>\n<tr>\n<td rowspan=\"2\">Duro + Mole<\/td>\n<td>Masculino<\/td>\n<td>7.44<\/td>\n<\/tr>\n<tr>\n<td>Feminino<\/td>\n<td>6.89<\/td>\n<\/tr>\n<\/table>\n<h2>Boca Roxo: Causas, sintomas e tratamentos<\/h2>\n<p>O Boca Roxo, ou glossite migrat\u00f3ria benigna, \u00e9 uma condi\u00e7\u00e3o inflamat\u00f3ria que afeta a l\u00edngua e pode se mover para outras \u00e1reas da boca. A condi\u00e7\u00e3o pode ser causada por uma variedade de fatores, incluindo estresse, defici\u00eancias nutricionais, rea\u00e7\u00f5es al\u00e9rgicas e infec\u00e7\u00f5es virais.<\/p>\n<p>Os sintomas do Boca Roxo incluem vermelhid\u00e3o, incha\u00e7o e sensibilidade na l\u00edngua, bem como a presen\u00e7a de pequenas feridas ou \u00falceras. Alguns pacientes tamb\u00e9m podem sentir dor ou dificuldade em comer, falar ou engolir.<\/p>\n<p>O tratamento para Boca Roxo varia dependendo da causa subjacente da condi\u00e7\u00e3o. Algumas op\u00e7\u00f5es de tratamento incluem mudan\u00e7as na dieta, suplementos vitam\u00ednicos, medicamentos anti-inflamat\u00f3rios e remo\u00e7\u00e3o de irritantes orais. Em casos mais graves, pode ser necess\u00e1rio recorrer a terapias mais avan\u00e7adas, incluindo inje\u00e7\u00f5es de esteroides ou tratamentos a laser.<\/p>\n<p>Veja abaixo uma tabela que resume as causas, sintomas e tratamentos comuns para Boca Roxo:<\/p>\n<table>\n<tr>\n<th>Causas<\/th>\n<th>Sintomas<\/th>\n<th>Tratamentos<\/th>\n<\/tr>\n<tr>\n<td>Estresse<\/td>\n<td>Vermelhid\u00e3o na l\u00edngua, \u00falceras orais, dor ao comer<\/td>\n<td>Mudan\u00e7as na dieta, suplementos vitam\u00ednicos, terapia do estresse<\/td>\n<\/tr>\n<tr>\n<td>Defici\u00eancias nutricionais<\/td>\n<td>L\u00edngua dolorida e dolorida, incha\u00e7o, feridas orais<\/td>\n<td>Suplementos vitam\u00ednicos, mudan\u00e7as na dieta<\/td>\n<\/tr>\n<tr>\n<td>Rea\u00e7\u00f5es al\u00e9rgicas<\/td>\n<td>Incha\u00e7o, erup\u00e7\u00e3o cut\u00e2nea, l\u00edngua sens\u00edvel e dolorida<\/td>\n<td>Remo\u00e7\u00e3o de irritantes orais, medicamentos anti-inflamat\u00f3rios<\/td>\n<\/tr>\n<tr>\n<td>Infec\u00e7\u00f5es virais<\/td>\n<td>Vermelhid\u00e3o na l\u00edngua, dores de garganta, incha\u00e7o<\/td>\n<td>Antibi\u00f3ticos, tratamentos antivirais<\/td>\n<\/tr>\n<\/table>\n<h2>Por que algumas pessoas t\u00eam a forma de W roxa na boca?<\/h2>\n<p>Uma das coisas mais curiosas e intrigantes que a ci\u00eancia moderna ainda est\u00e1 desvendando \u00e9 a raz\u00e3o por tr\u00e1s da presen\u00e7a do W roxo na boca de algumas pessoas. O fen\u00f4meno, apesar de raro, \u00e9 bastante interessante e tem sido estudado por v\u00e1rios anos por cientistas e especialistas.<\/p>\n<p>Existem algumas teorias que tentam explicar a condi\u00e7\u00e3o, mas ainda n\u00e3o h\u00e1 uma resposta definitiva. Algumas pessoas acreditam que a presen\u00e7a do W roxo pode estar relacionada a fatores gen\u00e9ticos, enquanto outras sugerem que pode ser resultado de uma rea\u00e7\u00e3o al\u00e9rgica ou inflamat\u00f3ria. Alguns estudos tamb\u00e9m apontam que pessoas com defici\u00eancia de vitamina B12 s\u00e3o mais propensas a desenvolver a condi\u00e7\u00e3o.<\/p>\n<p>Independentemente da causa, o W roxo na boca \u00e9 um fen\u00f4meno fascinante e merece ser estudado mais a fundo. Se voc\u00ea \u00e9 uma das pessoas que tem essa condi\u00e7\u00e3o, ou conhece algu\u00e9m que tem, vale a pena conversar com um m\u00e9dico ou especialista em sa\u00fade para entender melhor como ela pode afetar a sua vida. E assim terminamos nossa jornada explorando o mist\u00e9rio do Boca Roxo. A verdade \u00e9 que muitas pessoas apresentam essa forma\u00e7\u00e3o em formato de W na regi\u00e3o do palato, e embora possa parecer estranho, \u00e9 perfeitamente normal e n\u00e3o representa nenhuma condi\u00e7\u00e3o de sa\u00fade preocupante. Como vimos, a medicina ainda n\u00e3o encontrou uma explica\u00e7\u00e3o definitiva para esse fen\u00f4meno, mas a ci\u00eancia segue estudando para desvendar todos os segredos do nosso corpo. Enquanto isso, podemos admirar a singularidade e a diversidade das formas humanas, sempre t\u00e3o fascinantes e cheias de particularidades. Que o Boca Roxo nos inspire a celebrar as diferen\u00e7as e a valorizar a complexidade que nos faz \u00fanicos. At\u00e9 a pr\u00f3xima!<\/p>\n<p><img decoding=\"async\" src=\"https:\/\/alvolocal.com\/conteudo\/wp-content\/uploads\/2023\/04\/6072-boca-roxo-e-normal-ter-uma-forma-de-w-roxa-no-limite-entre-o-palato-duro-e-o-mole.jpg\" alt=\"Boca Roxo: \u00c9 normal ter uma forma de W roxa no limite entre o palato duro e o mole?\" ><\/p>\n","protected":false},"excerpt":{"rendered":"<p>Boca Roxo: \u00c9 normal ter uma forma de W roxa no limite entre o palato duro e o mole? Essa \u00e9 uma pergunta comum entre pessoas que notam essa marca na boca. Embora possa parecer estranho, isso \u00e9 perfeitamente normal e acontece com muitas pessoas. Saiba mais sobre o que causa esse fen\u00f4meno e o que fazer se voc\u00ea tiver preocupa\u00e7\u00f5es.<\/p>\n","protected":false},"author":1,"featured_media":1719,"comment_status":"open","ping_status":"open","sticky":false,"template":"","format":"standard","meta":[],"categories":[5,3,4],"tags":[],"aioseo_notices":[],"_links":{"self":[{"href":"https:\/\/medicinaatual.com.br\/blog\/index.php\/wp-json\/wp\/v2\/posts\/646"}],"collection":[{"href":"https:\/\/medicinaatual.com.br\/blog\/index.php\/wp-json\/wp\/v2\/posts"}],"about":[{"href":"https:\/\/medicinaatual.com.br\/blog\/index.php\/wp-json\/wp\/v2\/types\/post"}],"author":[{"embeddable":true,"href":"https:\/\/medicinaatual.com.br\/blog\/index.php\/wp-json\/wp\/v2\/users\/1"}],"replies":[{"embeddable":true,"href":"https:\/\/medicinaatual.com.br\/blog\/index.php\/wp-json\/wp\/v2\/comments?post=646"}],"version-history":[{"count":0,"href":"https:\/\/medicinaatual.com.br\/blog\/index.php\/wp-json\/wp\/v2\/posts\/646\/revisions"}],"wp:featuredmedia":[{"embeddable":true,"href":"https:\/\/medicinaatual.com.br\/blog\/index.php\/wp-json\/wp\/v2\/media\/1719"}],"wp:attachment":[{"href":"https:\/\/medicinaatual.com.br\/blog\/index.php\/wp-json\/wp\/v2\/media?parent=646"}],"wp:term":[{"taxonomy":"category","embeddable":true,"href":"https:\/\/medicinaatual.com.br\/blog\/index.php\/wp-json\/wp\/v2\/categories?post=646"},{"taxonomy":"post_tag","embeddable":true,"href":"https:\/\/medicinaatual.com.br\/blog\/index.php\/wp-json\/wp\/v2\/tags?post=646"}],"curies":[{"name":"wp","href":"https:\/\/api.w.org\/{rel}","templated":true}]}}