{"id":794,"date":"2023-05-15T00:17:46","date_gmt":"2023-05-15T03:17:46","guid":{"rendered":"https:\/\/medicinaatual.com.br\/blog\/?p=794"},"modified":"2023-05-15T00:17:46","modified_gmt":"2023-05-15T03:17:46","slug":"apneia-do-sono-pode-matar-apneia-do-sono-pode-ser-fatal","status":"publish","type":"post","link":"https:\/\/medicinaatual.com.br\/blog\/index.php\/2023\/05\/15\/apneia-do-sono-pode-matar-apneia-do-sono-pode-ser-fatal\/","title":{"rendered":"Apneia Do Sono Pode Matar: Apn\u00e9ia do sono pode ser fatal?"},"content":{"rendered":"<p>Voc\u00ea j\u00e1 ouviu falar da apneia do sono? Essa condi\u00e7\u00e3o que afeta milh\u00f5es de pessoas ao redor do mundo pode ser fatal se n\u00e3o for tratada adequadamente. Com sintomas como ronco alto e interrup\u00e7\u00f5es na respira\u00e7\u00e3o durante o sono, a apneia do sono \u00e9 muitas vezes negligenciada ou tratada de forma inadequada. Mas a verdade \u00e9 que essa condi\u00e7\u00e3o pode ter s\u00e9rias consequ\u00eancias para a sa\u00fade, incluindo problemas card\u00edacos, acidentes de carro e at\u00e9 mesmo a morte. Neste artigo, vamos explorar a quest\u00e3o: &#8220;Apneia do sono pode ser fatal?&#8221; e desmistificar algumas das informa\u00e7\u00f5es mais comuns sobre esse problema de sa\u00fade grave.<\/p>\n<h2>1. &#8220;Entenda o perigo: Apneia do sono pode matar?&#8221;<\/h2>\n<p>Existem muitas d\u00favidas em rela\u00e7\u00e3o ao perigo da apneia do sono. Por isso, \u00e9 importante entender melhor essa condi\u00e7\u00e3o e seus riscos. A apneia do sono \u00e9 um dist\u00farbio que afeta a respira\u00e7\u00e3o durante o sono. Ela pode ser identificada por meio de alguns sintomas, como ronco alto, sono agitado, pausas respirat\u00f3rias e sonol\u00eancia diurna excessiva.<\/p>\n<p>Os riscos da apneia do sono n\u00e3o devem ser ignorados. A condi\u00e7\u00e3o pode levar a problemas de sa\u00fade graves, como hipertens\u00e3o, doen\u00e7as cardiovasculares e at\u00e9 mesmo risco de morte. Por isso, \u00e9 fundamental buscar um m\u00e9dico especialista para avalia\u00e7\u00e3o e tratamento. Alguns tratamentos incluem mudan\u00e7as no estilo de vida, como perda de peso e pr\u00e1tica de exerc\u00edcios f\u00edsicos, uso de aparelhos respirat\u00f3rios e at\u00e9 mesmo cirurgias. <\/p>\n<p>Veja abaixo algumas informa\u00e7\u00f5es importantes sobre a apneia do sono:<\/p>\n<table>\n<tr>\n<th align=\"left\">Sintomas<\/th>\n<th><\/th>\n<\/tr>\n<tr>\n<td>Ronco alto<\/td>\n<td><\/td>\n<\/tr>\n<tr>\n<td>Sono agitado<\/td>\n<td><\/td>\n<\/tr>\n<tr>\n<td>Pausas respirat\u00f3rias<\/td>\n<td><\/td>\n<\/tr>\n<tr>\n<td>Sonol\u00eancia diurna excessiva<\/td>\n<td><\/td>\n<\/tr>\n<\/table>\n<table>\n<tr>\n<th align=\"left\">Riscos<\/th>\n<th><\/th>\n<\/tr>\n<tr>\n<td>Hipertens\u00e3o<\/td>\n<td><\/td>\n<\/tr>\n<tr>\n<td>Doen\u00e7as cardiovasculares<\/td>\n<td><\/td>\n<\/tr>\n<tr>\n<td>Morte<\/td>\n<td><\/td>\n<\/tr>\n<\/table>\n<p>N\u00e3o ignore os sintomas da apneia do sono e busque ajuda m\u00e9dica o quanto antes. Cuide da sua sa\u00fade e evite riscos desnecess\u00e1rios.<\/p>\n<h2>2. &#8220;Os riscos da Apneia do sono para a sa\u00fade humana&#8221;<\/h2>\n<p>A Apneia do sono \u00e9 uma condi\u00e7\u00e3o m\u00e9dica caracterizada por interrup\u00e7\u00f5es tempor\u00e1rias na respira\u00e7\u00e3o durante o sono. Essa condi\u00e7\u00e3o est\u00e1 relacionada a uma s\u00e9rie de problemas de sa\u00fade que podem afetar a qualidade de vida de um indiv\u00edduo. Abaixo, reunimos alguns dos principais riscos associados \u00e0 Apneia do sono:<\/p>\n<p>&#8211; Press\u00e3o alta: A Apneia do sono pode contribuir para o desenvolvimento da press\u00e3o alta, ou hipertens\u00e3o, que \u00e9 um importante fator de risco para doen\u00e7as cardiovasculares. Quando o corpo para de respirar durante o sono, ele pode levar a uma queda nos n\u00edveis de oxig\u00eanio no sangue, o que pode aumentar a press\u00e3o arterial.<br \/>\n&#8211; Diabetes tipo 2: A Apneia do sono tamb\u00e9m foi associada a um maior risco de desenvolvimento de diabetes tipo 2. Novamente, isso pode ser devido \u00e0 interrup\u00e7\u00e3o do fluxo de oxig\u00eanio durante o sono, o que pode afetar a capacidade do corpo de regular a glicose no sangue.<br \/>\n&#8211; Depress\u00e3o e ansiedade: A Apneia do sono tamb\u00e9m foi associada a um maior risco de depress\u00e3o, ansiedade e outros problemas de sa\u00fade mental. Isso pode ser devido \u00e0 interrup\u00e7\u00e3o do sono, o que pode afetar os estados de humor e a capacidade de lidar com o estresse.<\/p>\n<p>Outros riscos da Apneia do sono incluem aumento do risco de acidentes automobil\u00edsticos, comprometimento cognitivo e redu\u00e7\u00e3o da libido. Se voc\u00ea suspeita que pode estar sofrendo de Apneia do sono, \u00e9 importante procurar avalia\u00e7\u00e3o m\u00e9dica. Existem op\u00e7\u00f5es de tratamento dispon\u00edveis, que podem incluir mudan\u00e7as no estilo de vida, dispositivos de press\u00e3o positiva cont\u00ednua das vias a\u00e9reas (CPAP) e, em alguns casos, cirurgia.<\/p>\n<h2>3. &#8220;Como a Apneia do sono pode ser fatal?&#8221;<\/h2>\n<p>A apneia do sono, uma condi\u00e7\u00e3o que afeta a respira\u00e7\u00e3o durante o sono, pode ser mortal quando n\u00e3o tratada. A interrup\u00e7\u00e3o da respira\u00e7\u00e3o durante o sono pode levar a epis\u00f3dios de hip\u00f3xia, quando o corpo n\u00e3o recebe oxig\u00eanio suficiente. Isso pode resultar em uma s\u00e9rie de complica\u00e7\u00f5es de sa\u00fade, incluindo:<\/p>\n<ul>\n<li>Insufici\u00eancia card\u00edaca<\/li>\n<li>Acidente vascular cerebral<\/li>\n<li>Press\u00e3o alta<\/li>\n<li>Diabetes tipo 2<\/li>\n<\/ul>\n<p>Al\u00e9m disso, a apneia do sono pode levar a sonol\u00eancia durante o dia, aumentando o risco de acidentes de tr\u00e2nsito e de trabalho. \u00c9 importante que as pessoas que sofrem com essa condi\u00e7\u00e3o procurem ajuda m\u00e9dica para tratar adequadamente o problema e evitar poss\u00edveis complica\u00e7\u00f5es. <\/p>\n<table border=\"1\">\n<thead>\n<tr>\n<th>Complica\u00e7\u00f5es<\/th>\n<th>Sintomas<\/th>\n<\/tr>\n<\/thead>\n<tbody>\n<tr>\n<td>Insufici\u00eancia card\u00edaca<\/td>\n<td>Fadiga, incha\u00e7o nas pernas, falta de ar<\/td>\n<\/tr>\n<tr>\n<td>Acidente vascular cerebral<\/td>\n<td>Paralisia, dificuldade em falar, perda de vis\u00e3o<\/td>\n<\/tr>\n<tr>\n<td>Press\u00e3o alta<\/td>\n<td>Dor de cabe\u00e7a, tontura, falta de ar<\/td>\n<\/tr>\n<tr>\n<td>Diabetes tipo 2<\/td>\n<td>Aumento da sede, vontade frequente de urinar, vis\u00e3o borrada<\/td>\n<\/tr>\n<\/tbody>\n<\/table>\n<h2>4. &#8220;Descubra os sinais e sintomas de Apneia do sono que podem salvar sua vida<\/h2>\n<p> Os sinais e sintomas de Apneia do sono s\u00e3o extremamente importantes de se conhecer, pois podem salvar sua vida. <\/p>\n<p> A seguir, apresentamos uma lista dos principais sinais e sintomas dessa condi\u00e7\u00e3o:<\/p>\n<ul>\n<li><b> Ronco alto e frequente: <\/b> \u00c9 um dos sintomas mais comuns da Apneia do sono e pode ser bastante inc\u00f4modo para a pessoa que dorme ao lado. <\/li>\n<li> <b> Paradas respirat\u00f3rias durante o sono: <\/b> Essas paradas podem durar de alguns segundos a minutos, e podem ocorrer diversas vezes durante a noite. <\/li>\n<li> <b> Sonol\u00eancia diurna excessiva: <\/b> Pessoas com Apneia do sono geralmente se sentem cansadas durante o dia, mesmo ap\u00f3s uma noite de sono aparentemente tranquila. <\/li>\n<li> <b> Altera\u00e7\u00f5es de humor e irritabilidade: <\/b> A falta de sono adequado pode causar altera\u00e7\u00f5es de humor e irritabilidade em algumas pessoas. <\/li>\n<li> <b> Dificuldade de concentra\u00e7\u00e3o: <\/b> A sonol\u00eancia diurna excessiva pode afetar negativamente a capacidade de uma pessoa de se concentrar e realizar tarefas com efici\u00eancia.<\/li>\n<\/ul>\n<p> Se voc\u00ea se identifica com algum desses sintomas, \u00e9 importante buscar ajuda m\u00e9dica qualificada o quanto antes. <\/p>\n<table>\n<tr>\n<th colspan=\"2\">Fatores de risco para Apneia do sono<\/th>\n<\/tr>\n<tr>\n<td>Obesidade<\/td>\n<td>Ter mais de 40 anos<\/td>\n<\/tr>\n<tr>\n<td>Hist\u00f3rico familiar da doen\u00e7a<\/td>\n<td>Uso de \u00e1lcool e sedativos<\/td>\n<\/tr>\n<tr>\n<td>Apresentar desvio de septo nasal, am\u00edgdalas ou adenoides aumentadas<\/td>\n<td>Tabagismo<\/td>\n<\/tr>\n<\/table>\n<p>Alguns fatores de risco tamb\u00e9m est\u00e3o relacionados a Apneia do sono. Obesidade, idade acima de 40 anos, hist\u00f3rico familiar da doen\u00e7a e uso de \u00e1lcool e sedativos s\u00e3o alguns deles. Al\u00e9m disso, a presen\u00e7a de desvios de septo nasal, am\u00edgdalas ou adenoides aumentadas e tabagismo tamb\u00e9m podem aumentar o risco de Apneia do sono. <\/p>\n<p> Portanto, fica claro que a apneia do sono \u00e9 um problema de sa\u00fade s\u00e9rio que precisa ser levado a s\u00e9rio. Com consequ\u00eancias potencialmente fatais, \u00e9 essencial consultar um m\u00e9dico e seguir as recomenda\u00e7\u00f5es para evitar o agravamento da condi\u00e7\u00e3o. A qualidade do sono \u00e9 essencial para o bem-estar geral do corpo, e a apneia do sono pode prejudicar seriamente esse aspecto \u2013 mas felizmente, h\u00e1 tratamentos e cuidados que podem ajudar a melhorar a situa\u00e7\u00e3o. N\u00f3s esperamos que este artigo tenha sido \u00fatil para esclarecer d\u00favidas e conscientizar sobre a import\u00e2ncia de buscar ajuda m\u00e9dica caso esteja sofrendo de apneia do sono. A sua sa\u00fade n\u00e3o \u00e9 brincadeira \u2013 cuide dela!<\/p>\n<p><img decoding=\"async\" src=\"https:\/\/alvolocal.com\/conteudo\/wp-content\/uploads\/2023\/04\/6368-apneia-do-sono-pode-matar-apneia-do-sono-pode-ser-fatal.jpg\" alt=\"Apneia Do Sono Pode Matar: Apn\u00e9ia do sono pode ser fatal?\" ><\/p>\n","protected":false},"excerpt":{"rendered":"<p>Voc\u00ea sabia que a apneia do sono pode ser fatal? Pessoas que sofrem com essa condi\u00e7\u00e3o podem sofrer paradas respirat\u00f3rias durante o sono, o que aumenta o risco de doen\u00e7as cardiovasculares e at\u00e9 mesmo morte. Se voc\u00ea suspeita que tem apneia do sono, procure ajuda m\u00e9dica imediatamente.<\/p>\n","protected":false},"author":1,"featured_media":1576,"comment_status":"open","ping_status":"open","sticky":false,"template":"","format":"standard","meta":[],"categories":[5,3,4],"tags":[],"aioseo_notices":[],"_links":{"self":[{"href":"https:\/\/medicinaatual.com.br\/blog\/index.php\/wp-json\/wp\/v2\/posts\/794"}],"collection":[{"href":"https:\/\/medicinaatual.com.br\/blog\/index.php\/wp-json\/wp\/v2\/posts"}],"about":[{"href":"https:\/\/medicinaatual.com.br\/blog\/index.php\/wp-json\/wp\/v2\/types\/post"}],"author":[{"embeddable":true,"href":"https:\/\/medicinaatual.com.br\/blog\/index.php\/wp-json\/wp\/v2\/users\/1"}],"replies":[{"embeddable":true,"href":"https:\/\/medicinaatual.com.br\/blog\/index.php\/wp-json\/wp\/v2\/comments?post=794"}],"version-history":[{"count":0,"href":"https:\/\/medicinaatual.com.br\/blog\/index.php\/wp-json\/wp\/v2\/posts\/794\/revisions"}],"wp:featuredmedia":[{"embeddable":true,"href":"https:\/\/medicinaatual.com.br\/blog\/index.php\/wp-json\/wp\/v2\/media\/1576"}],"wp:attachment":[{"href":"https:\/\/medicinaatual.com.br\/blog\/index.php\/wp-json\/wp\/v2\/media?parent=794"}],"wp:term":[{"taxonomy":"category","embeddable":true,"href":"https:\/\/medicinaatual.com.br\/blog\/index.php\/wp-json\/wp\/v2\/categories?post=794"},{"taxonomy":"post_tag","embeddable":true,"href":"https:\/\/medicinaatual.com.br\/blog\/index.php\/wp-json\/wp\/v2\/tags?post=794"}],"curies":[{"name":"wp","href":"https:\/\/api.w.org\/{rel}","templated":true}]}}