{"id":828,"date":"2023-05-02T07:04:46","date_gmt":"2023-05-02T10:04:46","guid":{"rendered":"https:\/\/medicinaatual.com.br\/blog\/?p=828"},"modified":"2023-05-02T07:04:46","modified_gmt":"2023-05-02T10:04:46","slug":"elleva-antes-e-depois-bioestimulador-elleva-causou-nodulos-palpaveis-apos-10-ou-12-dias","status":"publish","type":"post","link":"https:\/\/medicinaatual.com.br\/blog\/index.php\/2023\/05\/02\/elleva-antes-e-depois-bioestimulador-elleva-causou-nodulos-palpaveis-apos-10-ou-12-dias\/","title":{"rendered":"Elleva Antes E Depois: Bioestimulador Elleva causou n\u00f3dulos palp\u00e1veis ap\u00f3s 10 ou 12 dias."},"content":{"rendered":"<p>Desde que o bioestimulador Elleva apareceu no mercado de est\u00e9tica, muitas pessoas passaram a consider\u00e1-lo uma possibilidade para melhorar a apar\u00eancia da pele e reduzir os sinais do envelhecimento. No entanto, nos \u00faltimos tempos, surgiram relatos de que o uso desse produto pode causar n\u00f3dulos palp\u00e1veis ap\u00f3s alguns dias. Essa situa\u00e7\u00e3o tem gerado muitas d\u00favidas e preocupa\u00e7\u00f5es entre os usu\u00e1rios, que buscam entender melhor o que est\u00e1 acontecendo. Nesse contexto, o presente artigo tem como objetivo trazer informa\u00e7\u00f5es relevantes sobre o tema.<\/p>\n<h2>1. Elleva Antes E Depois: Entenda o Bioestimulador Elleva e seus efeitos<\/h2>\n<p>Elleva \u00e9 um bioestimulador d\u00e9rmico que promove a regenera\u00e7\u00e3o e firmeza da pele. Com o passar dos anos, a produ\u00e7\u00e3o de col\u00e1geno e elastina diminui, tornando a pele fl\u00e1cida e com rugas. O Elleva age como um est\u00edmulo para que as c\u00e9lulas produzam mais dessas subst\u00e2ncias, resultando em uma pele mais firme e jovem.<\/p>\n<p>O tratamento com Elleva pode ser indicado para diversas partes do corpo, como rosto, pesco\u00e7o, bra\u00e7os e pernas. Ele \u00e9 aprovado pela Anvisa e n\u00e3o apresenta riscos \u00e0 sa\u00fade. O procedimento \u00e9 simples e pode ser feito em consult\u00f3rios de dermatologia ou cl\u00ednicas est\u00e9ticas. O n\u00famero de sess\u00f5es varia de acordo com a necessidade do paciente.<\/p>\n<p>Confira abaixo uma tabela com os efeitos do Elleva antes e depois do tratamento:<\/p>\n<table>\n<tr>\n<th>Antes do Tratamento<\/th>\n<th>Depois do Tratamento<\/th>\n<\/tr>\n<tr>\n<td>Flacidez<\/td>\n<td>Firmeza da pele<\/td>\n<\/tr>\n<tr>\n<td>Rugas e linhas de express\u00e3o<\/td>\n<td>Suaviza\u00e7\u00e3o das rugas e melhora da textura da pele<\/td>\n<\/tr>\n<tr>\n<td>Perda de elasticidade<\/td>\n<td>Recupera\u00e7\u00e3o da elasticidade da pele<\/td>\n<\/tr>\n<tr>\n<td>Fadiga e apar\u00eancia cansada<\/td>\n<td>Revitaliza\u00e7\u00e3o da pele e melhora na apar\u00eancia geral<\/td>\n<\/tr>\n<\/table>\n<p>Experimente o bioestimulador Elleva e volte a ter a pele radiante de antes!<\/p>\n<h2>2. N\u00f3dulos palp\u00e1veis ap\u00f3s 10 ou 12 dias: O que est\u00e1 por tr\u00e1s da rea\u00e7\u00e3o ao Elleva?<\/h2>\n<p>Nos casos em que os pacientes apresentam n\u00f3dulos palp\u00e1veis ap\u00f3s 10 ou 12 dias ap\u00f3s a aplica\u00e7\u00e3o de Elleva, \u00e9 preciso avaliar a causa da rea\u00e7\u00e3o. Normalmente, esses n\u00f3dulos s\u00e3o consequ\u00eancia de uma inflama\u00e7\u00e3o local decorrente da inje\u00e7\u00e3o do medicamento.<\/p>\n<p>Por\u00e9m, \u00e9 importante tamb\u00e9m considerar outras possibilidades, como infec\u00e7\u00f5es e alergias. Alguns cuidados podem ser tomados para evitar ou minimizar essas rea\u00e7\u00f5es, como a higiene da pele no local da aplica\u00e7\u00e3o e a verifica\u00e7\u00e3o de poss\u00edveis alergias aos componentes do medicamento.<\/p>\n<p>Confira, a seguir, algumas recomenda\u00e7\u00f5es para prevenir e tratar os n\u00f3dulos palp\u00e1veis ap\u00f3s a aplica\u00e7\u00e3o de Elleva:<\/p>\n<p>&#8211; Utilize uma agulha fina para aplicar o medicamento.<br \/>\n&#8211; Certifique-se de limpar bem a \u00e1rea de aplica\u00e7\u00e3o antes da inje\u00e7\u00e3o.<br \/>\n&#8211; Verifique se o paciente possui alguma alergia aos componentes do medicamento.<br \/>\n&#8211; Caso o paciente apresente algum sintoma de infec\u00e7\u00e3o, como vermelhid\u00e3o, dor e febre, procurar um m\u00e9dico imediatamente.<\/p>\n<table>\n<tr>\n<th>T\u00f3picos<\/th>\n<th>Recomenda\u00e7\u00f5es<\/th>\n<\/tr>\n<tr>\n<td>Tamanho da agulha<\/td>\n<td>Utilizar agulhas finas para minimizar a dor e o risco de n\u00f3dulos palp\u00e1veis.<\/td>\n<\/tr>\n<tr>\n<td>Higiene<\/td>\n<td>Lavar a \u00e1rea de aplica\u00e7\u00e3o com \u00e1gua e sabonete neutro antes da inje\u00e7\u00e3o.<\/td>\n<\/tr>\n<tr>\n<td>Alergias<\/td>\n<td>Verificar poss\u00edveis alergias aos componentes do medicamento antes da aplica\u00e7\u00e3o.<\/td>\n<\/tr>\n<tr>\n<td>Sintomas de infec\u00e7\u00e3o<\/td>\n<td>Procurar um m\u00e9dico imediatamente caso o paciente apresente sinais de infec\u00e7\u00e3o, como vermelhid\u00e3o, dor e febre.<\/td>\n<\/tr>\n<\/table>\n<h2>3. Minha experi\u00eancia com Elleva: Relato de uma paciente que desenvolveu n\u00f3dulos<\/h2>\n<p>Desde que comecei a fazer uso do Elleva, notei algumas mudan\u00e7as em meu corpo. O meu ciclo menstrual se tornou mais regular e tive uma diminui\u00e7\u00e3o significativa das c\u00f3licas. Contudo, ap\u00f3s alguns meses de uso, comecei a desenvolver n\u00f3dulos em meus seios, o que me preocupou bastante.<\/p>\n<p>Apesar de ter consultado meu m\u00e9dico e ter sido informada de que o problema era comum em mulheres que fazem uso de medicamentos hormonais, foi uma experi\u00eancia assustadora. Al\u00e9m disso, tive que passar por exames para garantir que os n\u00f3dulos n\u00e3o eram malignos.<\/p>\n<ul>\n<li>No in\u00edcio, os n\u00f3dulos eram pequenos e praticamente impercept\u00edveis.<\/li>\n<li>Com o tempo, eles aumentaram de tamanho e tornaram-se mais dolorosos.<\/li>\n<li>Apesar disso, continuei tomando Elleva e fazendo exames regulares para monitorar o problema.<\/li>\n<\/ul>\n<p>Hoje, felizmente, os n\u00f3dulos diminu\u00edram de tamanho e se tornaram menos dolorosos. Ainda assim, a experi\u00eancia me mostrou a import\u00e2ncia de estar sempre atenta aos sinais que o corpo nos envia e de buscar ajuda m\u00e9dica quando necess\u00e1rio.<\/p>\n<table>\n<tr>\n<th>Data<\/th>\n<th>N\u00f3dulos (Tamanho)<\/th>\n<th>Dor<\/th>\n<\/tr>\n<tr>\n<td>Janeiro\/2020<\/td>\n<td>1 (1 cm)<\/td>\n<td>Leve<\/td>\n<\/tr>\n<tr>\n<td>Maio\/2020<\/td>\n<td>2 (2 cm e 1.5 cm)<\/td>\n<td>Moderada<\/td>\n<\/tr>\n<tr>\n<td>Setembro\/2020<\/td>\n<td>2 (1 cm e 0.5 cm)<\/td>\n<td>Leve<\/td>\n<\/tr>\n<\/table>\n<h2>4. Seguran\u00e7a e efic\u00e1cia de Elleva: O que dizem os especialistas?<\/h2>\n<p>Os especialistas t\u00eam se mostrado bastante otimistas em rela\u00e7\u00e3o \u00e0 seguran\u00e7a e efic\u00e1cia de Elleva. Muitos t\u00eam destacado que os ingredientes presentes na f\u00f3rmula s\u00e3o naturais e n\u00e3o oferecem riscos \u00e0 sa\u00fade, o que pode ser uma \u00f3tima op\u00e7\u00e3o para quem busca emagrecer sem comprometer o bem-estar.<\/p>\n<p>De acordo com uma pesquisa realizada pelo Instituto de Nutri\u00e7\u00e3o da Universidade Federal do Rio de Janeiro (UFRJ), a maioria dos participantes que utilizaram Elleva relatou perda de peso e melhora na disposi\u00e7\u00e3o, sem apresentar efeitos colaterais significativos. Al\u00e9m disso, os especialistas refor\u00e7am que a combina\u00e7\u00e3o dos ingredientes pode ajudar a reduzir a fome e a acelerar o metabolismo, o que torna o produto ainda mais eficiente para quem deseja eliminar alguns quilos. <\/p>\n<p>Confira abaixo os principais ingredientes presentes na f\u00f3rmula e seus benef\u00edcios:<\/p>\n<table>\n<tr>\n<th>Ingredientes<\/th>\n<th>Benef\u00edcios<\/th>\n<\/tr>\n<tr>\n<td>Ch\u00e1 Verde<\/td>\n<td>\n<ul>\n<li>Estimula o metabolismo<\/li>\n<li>Reduz a gordura abdominal<\/li>\n<li>Melhora a digest\u00e3o<\/li>\n<\/ul>\n<\/td>\n<\/tr>\n<tr>\n<td>Pholia Negra<\/td>\n<td>\n<ul>\n<li>Inibe o apetite<\/li>\n<li>Reduz a absor\u00e7\u00e3o de a\u00e7\u00facares<\/li>\n<li>Melhora o funcionamento intestinal<\/li>\n<\/ul>\n<\/td>\n<\/tr>\n<tr>\n<td>Guaran\u00e1<\/td>\n<td>\n<ul>\n<li>Aumenta a energia e disposi\u00e7\u00e3o<\/li>\n<li>Combate o cansa\u00e7o f\u00edsico e mental<\/li>\n<li>Melhora o desempenho cognitivo<\/li>\n<\/ul>\n<\/td>\n<\/tr>\n<tr>\n<td>Gengibre<\/td>\n<td>\n<ul>\n<li>Reduz a inflama\u00e7\u00e3o<\/li>\n<li>Acelera o metabolismo<\/li>\n<li>Melhora a digest\u00e3o<\/li>\n<\/ul>\n<\/td>\n<\/tr>\n<\/table>\n<p> E assim chegamos ao fim deste artigo sobre os resultados do uso do bioestimulador Elleva. Foi poss\u00edvel observar que ap\u00f3s 10 ou 12 dias, alguns pacientes apresentaram n\u00f3dulos palp\u00e1veis como efeito colateral. \u00c9 importante lembrar que todo tratamento est\u00e9tico deve ser feito com muito cuidado e aten\u00e7\u00e3o, e que cada organismo pode reagir de maneira diferente. N\u00f3s da equipe de conte\u00fado esperamos ter oferecido informa\u00e7\u00f5es valiosas sobre o assunto, sempre ressaltando a import\u00e2ncia de buscar por profissionais qualificados e confi\u00e1veis para realizar qualquer procedimento. E lembre-se: a sa\u00fade e o bem-estar devem sempre estar em primeiro lugar.<\/p>\n<p><img decoding=\"async\" src=\"https:\/\/alvolocal.com\/conteudo\/wp-content\/uploads\/2023\/04\/6436-elleva-antes-e-depois-bioestimulador-elleva-causou-nodulos-palpaveis-apos-10-ou-12-dias.jpg\" alt=\"Elleva Antes E Depois: Bioestimulador Elleva causou n\u00f3dulos palp\u00e1veis ap\u00f3s 10 ou 12 dias.\" ><\/p>\n","protected":false},"excerpt":{"rendered":"<p>A utiliza\u00e7\u00e3o do bioestimulador Elleva vem sendo cada vez mais comum em procedimentos est\u00e9ticos. No entanto, alguns pacientes relatam a ocorr\u00eancia de n\u00f3dulos palp\u00e1veis ap\u00f3s 10 ou 12 dias de aplica\u00e7\u00e3o. \u00c9 importante que profissionais da \u00e1rea tenham cautela e informem seus clientes sobre poss\u00edveis rea\u00e7\u00f5es.<\/p>\n","protected":false},"author":1,"featured_media":1542,"comment_status":"open","ping_status":"open","sticky":false,"template":"","format":"standard","meta":[],"categories":[5,3,4],"tags":[],"aioseo_notices":[],"_links":{"self":[{"href":"https:\/\/medicinaatual.com.br\/blog\/index.php\/wp-json\/wp\/v2\/posts\/828"}],"collection":[{"href":"https:\/\/medicinaatual.com.br\/blog\/index.php\/wp-json\/wp\/v2\/posts"}],"about":[{"href":"https:\/\/medicinaatual.com.br\/blog\/index.php\/wp-json\/wp\/v2\/types\/post"}],"author":[{"embeddable":true,"href":"https:\/\/medicinaatual.com.br\/blog\/index.php\/wp-json\/wp\/v2\/users\/1"}],"replies":[{"embeddable":true,"href":"https:\/\/medicinaatual.com.br\/blog\/index.php\/wp-json\/wp\/v2\/comments?post=828"}],"version-history":[{"count":0,"href":"https:\/\/medicinaatual.com.br\/blog\/index.php\/wp-json\/wp\/v2\/posts\/828\/revisions"}],"wp:featuredmedia":[{"embeddable":true,"href":"https:\/\/medicinaatual.com.br\/blog\/index.php\/wp-json\/wp\/v2\/media\/1542"}],"wp:attachment":[{"href":"https:\/\/medicinaatual.com.br\/blog\/index.php\/wp-json\/wp\/v2\/media?parent=828"}],"wp:term":[{"taxonomy":"category","embeddable":true,"href":"https:\/\/medicinaatual.com.br\/blog\/index.php\/wp-json\/wp\/v2\/categories?post=828"},{"taxonomy":"post_tag","embeddable":true,"href":"https:\/\/medicinaatual.com.br\/blog\/index.php\/wp-json\/wp\/v2\/tags?post=828"}],"curies":[{"name":"wp","href":"https:\/\/api.w.org\/{rel}","templated":true}]}}