{"id":852,"date":"2023-04-28T20:17:07","date_gmt":"2023-04-28T23:17:07","guid":{"rendered":"https:\/\/medicinaatual.com.br\/blog\/?p=852"},"modified":"2023-04-28T20:17:07","modified_gmt":"2023-04-28T23:17:07","slug":"quando-procurar-um-bucomaxilo-fui-ao-dentista-por-um-estalo-no-maxilar-direito","status":"publish","type":"post","link":"https:\/\/medicinaatual.com.br\/blog\/index.php\/2023\/04\/28\/quando-procurar-um-bucomaxilo-fui-ao-dentista-por-um-estalo-no-maxilar-direito\/","title":{"rendered":"Quando Procurar Um Bucomaxilo: Fui ao dentista por um estalo no maxilar direito."},"content":{"rendered":"<p>O sorriso \u00e9 uma das caracter\u00edsticas mais admir\u00e1veis de um ser humano. No entanto, as dores na regi\u00e3o bucal podem ser extremamente desconfort\u00e1veis, afetando n\u00e3o s\u00f3 as atividades di\u00e1rias, mas tamb\u00e9m a autoestima. Quando se trata especificamente do maxilar, o desconforto pode ser ainda maior, visto que \u00e9 um osso importante e que se conecta a diversas partes do nosso corpo. Foi pensando nisso que, ao sentir um estalo no maxilar direito, decidi procurar um especialista no assunto: o bucomaxilo. Neste artigo, falaremos sobre quando \u00e9 necess\u00e1rio buscar por um profissional nesta \u00e1rea e quais os cuidados que devemos ter com a nossa sa\u00fade bucal.<\/p>\n<h2>1. Quando o estalo no maxilar \u00e9 motivo de preocupa\u00e7\u00e3o<\/h2>\n<p>Um estalo no maxilar pode ser assustador e desconfort\u00e1vel, especialmente se voc\u00ea n\u00e3o sabe exatamente o que est\u00e1 causando isso. No entanto, em alguns casos, o estalo no maxilar pode ser um sinal de uma condi\u00e7\u00e3o mais s\u00e9ria que requer aten\u00e7\u00e3o m\u00e9dica. Aqui est\u00e3o algumas das causas mais comuns de estalos no maxilar e quando eles podem ser motivo de preocupa\u00e7\u00e3o.<\/p>\n<h3>O que pode causar estalos no maxilar?<\/h3>\n<ul>\n<li>Disfun\u00e7\u00e3o da articula\u00e7\u00e3o temporomandibular (ATM)<\/li>\n<li>Les\u00e3o no maxilar<\/li>\n<li>Deslocamento da mand\u00edbula<\/li>\n<li>Bloqueio nas gl\u00e2ndulas salivares<\/li>\n<\/ul>\n<p>A disfun\u00e7\u00e3o da ATM \u00e9 a causa mais comum de estalos no maxilar. Isso ocorre quando h\u00e1 um desalinhamento entre a mand\u00edbula e o cr\u00e2nio, o que pode levar a uma s\u00e9rie de sintomas, incluindo dor, incha\u00e7o, dificuldade de mastiga\u00e7\u00e3o e, claro, estalos no maxilar.<\/p>\n<p>Se voc\u00ea est\u00e1 experimentando qualquer um desses sintomas em conjunto com estalo no maxilar, \u00e9 importante procurar o conselho de um m\u00e9dico ou dentista. Eles podem realizar testes para determinar a causa de seus sintomas e recomendar o tratamento necess\u00e1rio para aliviar sua dor e desconforto.<\/p>\n<table>\n<tr>\n<th>Causa<\/th>\n<th>Sintomas<\/th>\n<\/tr>\n<tr>\n<td>Disfun\u00e7\u00e3o da ATM<\/td>\n<td>Dor no maxilar, dificuldade de mastiga\u00e7\u00e3o, incha\u00e7o, estalo no maxilar<\/td>\n<\/tr>\n<tr>\n<td>Les\u00e3o no maxilar<\/td>\n<td>Dor no maxilar, incha\u00e7o, hematomas, dificuldade de mastiga\u00e7\u00e3o, estalo no maxilar<\/td>\n<\/tr>\n<tr>\n<td>Deslocamento da mand\u00edbula<\/td>\n<td>Dor no maxilar, dificuldade de mastiga\u00e7\u00e3o, incha\u00e7o, bloqueio ao abrir a boca, estalo no maxilar<\/td>\n<\/tr>\n<tr>\n<td>Bloqueio nas gl\u00e2ndulas salivares<\/td>\n<td>Dor no maxilar, incha\u00e7o, sensa\u00e7\u00e3o de boca seca, estalo no maxilar<\/td>\n<\/tr>\n<\/table>\n<h2>2. A import\u00e2ncia da consulta ao bucomaxilo<\/h2>\n<p>Para mantermos a sa\u00fade bucal em dia muitas vezes \u00e9 necess\u00e1rio procurar um especialista em odontologia, como o bucomaxilo. Esse profissional \u00e9 respons\u00e1vel por tratar doen\u00e7as e les\u00f5es na boca, na face e no pesco\u00e7o.<\/p>\n<p>A consulta com o bucomaxilo \u00e9 importante n\u00e3o apenas para o tratamento de doen\u00e7as, mas tamb\u00e9m para a preven\u00e7\u00e3o de problemas futuros. Alguns dos motivos pelos quais voc\u00ea deve considerar uma consulta com esse profissional:<\/p>\n<ul>\n<li>Diagn\u00f3stico preciso de problemas na boca e na face;<\/li>\n<li>Tratamento de les\u00f5es e tumores benignos ou malignos;<\/li>\n<li>Orienta\u00e7\u00f5es e tratamentos para disfun\u00e7\u00e3o da articula\u00e7\u00e3o temporomandibular;<\/li>\n<li>Ajuda no tratamento de apneia do sono;<\/li>\n<li>Avalia\u00e7\u00e3o pr\u00e9-operat\u00f3ria para cirurgias bucais e faciais.<\/li>\n<\/ul>\n<table>\n<caption>Hor\u00e1rios para agendamento de consultas<\/caption>\n<thead>\n<tr>\n<th>Dias da semana<\/th>\n<th>Hor\u00e1rios dispon\u00edveis<\/th>\n<\/tr>\n<\/thead>\n<tbody>\n<tr>\n<td>Segunda-feira<\/td>\n<td>9h \u00e0s 18h<\/td>\n<\/tr>\n<tr>\n<td>Ter\u00e7a-feira<\/td>\n<td>9h \u00e0s 17h<\/td>\n<\/tr>\n<tr>\n<td>Quarta-feira<\/td>\n<td>9h \u00e0s 14h<\/td>\n<\/tr>\n<tr>\n<td>Quinta-feira<\/td>\n<td>13h \u00e0s 18h<\/td>\n<\/tr>\n<tr>\n<td>Sexta-feira<\/td>\n<td>9h \u00e0s 16h<\/td>\n<\/tr>\n<\/tbody>\n<\/table>\n<h2>3. Minha experi\u00eancia ao procurar ajuda profissional<\/h2>\n<p>Ao longo da minha busca por ajuda profissional, tive algumas experi\u00eancias positivas e outras nem tanto. Inicialmente, pesquisei bastante sobre os profissionais dispon\u00edveis na minha regi\u00e3o e tive dificuldades em encontrar informa\u00e7\u00f5es claras e objetivas sobre eles.<\/p>\n<p>Por\u00e9m, consegui marcar uma consulta com uma psic\u00f3loga atrav\u00e9s de uma indica\u00e7\u00e3o de um conhecido e fiquei extremamente satisfeito com o atendimento. A profissional foi muito atenciosa e competente, me ajudando a lidar com quest\u00f5es pessoais que eu estava enfrentando. Al\u00e9m disso, ela me indicou uma t\u00e9cnica de medita\u00e7\u00e3o que tem me ajudado muito no meu dia a dia.<\/p>\n<table>\n<thead>\n<tr>\n<th>Pr\u00f3s<\/th>\n<th>Contras<\/th>\n<\/tr>\n<\/thead>\n<tbody>\n<tr>\n<td>\n<ul>\n<li>Atendimento atencioso<\/li>\n<li>Compet\u00eancia<\/li>\n<li>Indica\u00e7\u00e3o de t\u00e9cnicas \u00fateis<\/li>\n<\/ul>\n<\/td>\n<td>\n<ul>\n<li>Dificuldade para encontrar informa\u00e7\u00f5es objetivas<\/li>\n<\/ul>\n<\/td>\n<\/tr>\n<\/tbody>\n<\/table>\n<p>Por outro lado, tamb\u00e9m tive uma experi\u00eancia negativa com um profissional que foi indicado por um amigo. O atendimento foi muito frio e parecia que ele n\u00e3o estava interessado em me ajudar. Al\u00e9m disso, achei o valor da consulta mais alto do que o praticado pela maioria dos outros profissionais na regi\u00e3o.<\/p>\n<table>\n<thead>\n<tr>\n<th>Pr\u00f3s<\/th>\n<th>Contras<\/th>\n<\/tr>\n<\/thead>\n<tbody>\n<tr>\n<td><\/td>\n<td>\n<ul>\n<li>Atendimento frio<\/li>\n<li>Valor da consulta elevado<\/li>\n<\/ul>\n<\/td>\n<\/tr>\n<\/tbody>\n<\/table>\n<h2>4. Como o diagn\u00f3stico preciso pode ajudar na preven\u00e7\u00e3o e tratamento de problemas bucais<\/h2>\n<p>Um diagn\u00f3stico preciso pode ser o primeiro passo para evitar problemas bucais e garantir um tratamento adequado para aqueles que j\u00e1 existem. Atrav\u00e9s de exames e avalia\u00e7\u00e3o cl\u00ednica detalhada, \u00e9 poss\u00edvel detectar problemas como c\u00e1ries, inflama\u00e7\u00f5es na gengiva, les\u00f5es e at\u00e9 mesmo o c\u00e2ncer bucal.<\/p>\n<p>Com um diagn\u00f3stico preciso, o dentista pode tra\u00e7ar um plano de tratamento espec\u00edfico para cada caso, visando solucionar o problema de forma mais eficiente. Al\u00e9m disso, a preven\u00e7\u00e3o tamb\u00e9m \u00e9 uma das maiores vantagens do diagn\u00f3stico precoce. Com a identifica\u00e7\u00e3o de pequenas les\u00f5es ou c\u00e1ries, por exemplo, \u00e9 poss\u00edvel trat\u00e1-las antes que se tornem um problema maior.<\/p>\n<table>\n<tr>\n<th>Problema<\/th>\n<th>Preven\u00e7\u00e3o<\/th>\n<th>Tratamento<\/th>\n<\/tr>\n<tr>\n<td>C\u00e1ries<\/td>\n<td>Escova\u00e7\u00e3o regular, uso de fio dental e visitas regulares ao dentista.<\/td>\n<td>Tratamento com restaura\u00e7\u00e3o dent\u00e1ria.<\/td>\n<\/tr>\n<tr>\n<td>Inflama\u00e7\u00e3o na gengiva<\/td>\n<td>Escova\u00e7\u00e3o regular, uso de fio dental, enxaguante bucal e visitas regulares ao dentista.<\/td>\n<td>Tratamento com limpeza profissional e, em casos mais graves, tratamento com antibi\u00f3ticos.<\/td>\n<\/tr>\n<tr>\n<td>C\u00e2ncer bucal<\/td>\n<td>Evitar o tabagismo e o consumo excessivo de \u00e1lcool, al\u00e9m de manter uma dieta saud\u00e1vel. Visitas regulares ao dentista tamb\u00e9m s\u00e3o importantes para a preven\u00e7\u00e3o.<\/td>\n<td>Dependendo do est\u00e1gio, pode ser necess\u00e1ria a cirurgia e\/ou radioterapia.<\/td>\n<\/tr>\n<\/table>\n<p>Em resumo, o diagn\u00f3stico preciso \u00e9 essencial para a preven\u00e7\u00e3o e tratamento de problemas bucais. Realizar visitas regulares ao dentista e manter uma rotina de cuidados com a higiene bucal s\u00e3o medidas importantes para garantir um sorriso saud\u00e1vel.<\/p>\n<p> E a\u00ed, voc\u00ea se identificou com o relato sobre o estalo no maxilar? Se sim, talvez seja hora de procurar um bucomaxilo. N\u00e3o espere a dor aumentar ou o problema se agravar, pois isso pode resultar em tratamentos mais complicados e custosos. Lembre-se, cuidar da sa\u00fade bucal \u00e9 essencial para garantir uma qualidade de vida melhor. Ent\u00e3o, n\u00e3o deixe de fazer as consultas regulares com o seu dentista e, se necess\u00e1rio, procure um especialista em bucomaxilo. Cuide da sua sa\u00fade, sorria sempre e at\u00e9 a pr\u00f3xima!<\/p>\n<p><img decoding=\"async\" src=\"https:\/\/alvolocal.com\/conteudo\/wp-content\/uploads\/2023\/04\/6484-quando-procurar-um-bucomaxilo-fui-ao-dentista-por-um-estalo-no-maxilar-direito.jpg\" alt=\"Quando Procurar Um Bucomaxilo: Fui ao dentista por um estalo no maxilar direito.\" ><\/p>\n","protected":false},"excerpt":{"rendered":"<p>Ao sentir um estalo no maxilar, muitas pessoas procuram imediatamente um dentista. Entretanto, em alguns casos, \u00e9 indicado buscar a ajuda de um bucomaxilo. Esses profissionais s\u00e3o especializados em problemas relacionados aos ossos da face e podem oferecer tratamentos espec\u00edficos, caso seja necess\u00e1rio. Se voc\u00ea perceber que o estalo persiste, \u00e9 importante procurar um especialista para avaliar o problema.<\/p>\n","protected":false},"author":1,"featured_media":1518,"comment_status":"open","ping_status":"open","sticky":false,"template":"","format":"standard","meta":[],"categories":[5,3,4],"tags":[],"aioseo_notices":[],"_links":{"self":[{"href":"https:\/\/medicinaatual.com.br\/blog\/index.php\/wp-json\/wp\/v2\/posts\/852"}],"collection":[{"href":"https:\/\/medicinaatual.com.br\/blog\/index.php\/wp-json\/wp\/v2\/posts"}],"about":[{"href":"https:\/\/medicinaatual.com.br\/blog\/index.php\/wp-json\/wp\/v2\/types\/post"}],"author":[{"embeddable":true,"href":"https:\/\/medicinaatual.com.br\/blog\/index.php\/wp-json\/wp\/v2\/users\/1"}],"replies":[{"embeddable":true,"href":"https:\/\/medicinaatual.com.br\/blog\/index.php\/wp-json\/wp\/v2\/comments?post=852"}],"version-history":[{"count":0,"href":"https:\/\/medicinaatual.com.br\/blog\/index.php\/wp-json\/wp\/v2\/posts\/852\/revisions"}],"wp:featuredmedia":[{"embeddable":true,"href":"https:\/\/medicinaatual.com.br\/blog\/index.php\/wp-json\/wp\/v2\/media\/1518"}],"wp:attachment":[{"href":"https:\/\/medicinaatual.com.br\/blog\/index.php\/wp-json\/wp\/v2\/media?parent=852"}],"wp:term":[{"taxonomy":"category","embeddable":true,"href":"https:\/\/medicinaatual.com.br\/blog\/index.php\/wp-json\/wp\/v2\/categories?post=852"},{"taxonomy":"post_tag","embeddable":true,"href":"https:\/\/medicinaatual.com.br\/blog\/index.php\/wp-json\/wp\/v2\/tags?post=852"}],"curies":[{"name":"wp","href":"https:\/\/api.w.org\/{rel}","templated":true}]}}