{"id":886,"date":"2023-05-10T00:44:56","date_gmt":"2023-05-10T03:44:56","guid":{"rendered":"https:\/\/medicinaatual.com.br\/blog\/?p=886"},"modified":"2023-05-10T00:44:56","modified_gmt":"2023-05-10T03:44:56","slug":"meu-filho-prende-as-fezes-o-que-fazer-meu-filho-de-6-anos-se-recusa-a-defecar-desde-os-3-anos-com-periodos-de-melhora","status":"publish","type":"post","link":"https:\/\/medicinaatual.com.br\/blog\/index.php\/2023\/05\/10\/meu-filho-prende-as-fezes-o-que-fazer-meu-filho-de-6-anos-se-recusa-a-defecar-desde-os-3-anos-com-periodos-de-melhora\/","title":{"rendered":"Meu Filho Prende As Fezes O Que Fazer: Meu filho de 6 anos se recusa a defecar desde os 3 anos, com per\u00edodos de melhora."},"content":{"rendered":"<p>Desde que nossos filhos nascem, assumimos uma infinidade de responsabilidades em seus cuidados, desde a alimenta\u00e7\u00e3o at\u00e9 os cuidados com higiene. No entanto, quando uma crian\u00e7a come\u00e7a a enfrentar problemas com o processo natural de defeca\u00e7\u00e3o, isso pode ser motivo de preocupa\u00e7\u00e3o para os pais. Neste artigo, vamos discutir sobre as causas e poss\u00edveis solu\u00e7\u00f5es para o problema do meu filho que prende as fezes desde os 3 anos. \u00c9 importante lembrar que cada caso \u00e9 \u00fanico e que a orienta\u00e7\u00e3o m\u00e9dica \u00e9 sempre essencial para lidar com essa situa\u00e7\u00e3o.<\/p>\n<h2>1. A situa\u00e7\u00e3o delicada de pais cujos filhos prendem as fezes: Como lidar com isso?<\/h2>\n<p> Quando se trata de um filho que prende as fezes, a situa\u00e7\u00e3o pode se tornar bastante delicada e preocupante para muitos pais. Al\u00e9m de causar desconforto e dor na crian\u00e7a, a constipa\u00e7\u00e3o intestinal pode tamb\u00e9m gerar outros problemas de sa\u00fade e afetar o bem-estar em geral.<\/p>\n<ul>\n<li>Um dos primeiros passos para lidar com a situa\u00e7\u00e3o \u00e9 entender as poss\u00edveis causas da constipa\u00e7\u00e3o. Entre as causas mais comuns est\u00e3o a falta de fibras nas refei\u00e7\u00f5es, a desidrata\u00e7\u00e3o, o sedentarismo e at\u00e9 mesmo problemas emocionais.<\/li>\n<li>Outra dica importante \u00e9 incentivar a crian\u00e7a a ter uma rotina de evacua\u00e7\u00e3o regular, sempre no mesmo hor\u00e1rio do dia, preferencialmente ap\u00f3s as refei\u00e7\u00f5es.<\/li>\n<li>Al\u00e9m disso, \u00e9 fundamental incluir alimentos ricos em fibras na dieta da crian\u00e7a, como frutas, verduras, legumes e cereais integrais.<\/li>\n<li>O consumo de \u00e1gua tamb\u00e9m \u00e9 crucial para prevenir a constipa\u00e7\u00e3o, por isso, \u00e9 importante garantir que a crian\u00e7a esteja sempre bem hidratada.<\/li>\n<li>Caso as medidas preventivas n\u00e3o sejam suficientes para resolver o problema, \u00e9 recomendado procurar a ajuda de um m\u00e9dico especializado para avaliar o caso e indicar o tratamento mais adequado.<\/li>\n<\/ul>\n<table>\n<tr>\n<th>Alimentos ricos em fibras:<\/th>\n<th>Alimentos que devem ser evitados:<\/th>\n<\/tr>\n<tr>\n<td>Frutas (ma\u00e7\u00e3, p\u00eara, laranja, ameixa, mam\u00e3o)<\/td>\n<td>Alimentos processados e industrializados<\/td>\n<\/tr>\n<tr>\n<td>Legumes (ervilha, lentilha, feij\u00e3o)<\/td>\n<td>Alimentos ricos em gordura<\/td>\n<\/tr>\n<tr>\n<td>Cereais integrais (aveia, arroz integral, quinoa)<\/td>\n<td>Bebidas alco\u00f3licas e refrigerantes<\/td>\n<\/tr>\n<\/table>\n<h2>2. Meu filho prende as fezes h\u00e1 3 anos: M\u00e9todos para ajud\u00e1-lo a superar o medo de defecar<\/h2>\n<p>Existem diversas t\u00e9cnicas para ajudar a crian\u00e7a a superar o medo de defecar e deixar de prender as fezes. Algumas delas s\u00e3o:<\/p>\n<ul>\n<li><strong>Estabelecer uma rotina<\/strong>: \u00c9 importante que a crian\u00e7a tenha hor\u00e1rios regulares para ir ao banheiro. Isso pode ajudar a diminuir a ansiedade e o medo de defecar. Estabele\u00e7a hor\u00e1rios fixos para que ele possa ir ao banheiro e tente criar uma rotina.<\/li>\n<li><strong>Alimenta\u00e7\u00e3o equilibrada<\/strong>: A alimenta\u00e7\u00e3o tamb\u00e9m \u00e9 essencial para evitar a pris\u00e3o de ventre. Ofere\u00e7a uma dieta rica em fibras, frutas e verduras, e insira a quantidade adequada de \u00e1gua para a hidrata\u00e7\u00e3o do organismo.<\/li>\n<li><strong>Use um assento confort\u00e1vel no vaso sanit\u00e1rio<\/strong>: Para criar um ambiente mais confort\u00e1vel e seguro para a crian\u00e7a, \u00e9 importante usar um assento redutor acolchoado ou almofadado, que garanta mais conforto e seguran\u00e7a.<\/li>\n<li><strong>D\u00ea incentivos e recompensas<\/strong>: Oferecer incentivos e pequenas recompensas pode ajudar a incentivar a crian\u00e7a a ir ao banheiro. Por exemplo, ofere\u00e7a um pequeno brinde ou uma sobremesa saud\u00e1vel ap\u00f3s a ida ao banheiro.<\/li>\n<li><strong>Busque ajuda profissional<\/strong>: Caso as t\u00e9cnicas acima n\u00e3o funcionem, \u00e9 importante buscar ajuda profissional. O pediatra pode indicar um especialista em problemas intestinais e comportamentais da crian\u00e7a.<\/li>\n<\/ul>\n<p>E lembre-se: a paci\u00eancia e o incentivo s\u00e3o essenciais em todo o processo. Quando a crian\u00e7a sentir que est\u00e1 segura e confiante, o medo e a pris\u00e3o de ventre v\u00e3o diminuir.<\/p>\n<h2>3. Dificuldades para evacuar: Como identificar os sintomas e buscar ajuda profissional<\/h2>\n<p>Uma dificuldade para evacuar pode trazer muita dor e desconforto para as pessoas. \u00c9 importante saber identificar os sintomas para poder buscar ajuda profissional o mais r\u00e1pido poss\u00edvel e tratar o problema. Alguns dos sintomas mais comuns s\u00e3o:<\/p>\n<ul>\n<li><b>Fezes endurecidas:<\/b> a dificuldade para evacuar pode fazer com que as fezes fiquem endurecidas e secas, tornando a evacua\u00e7\u00e3o ainda mais dif\u00edcil e dolorosa.<\/li>\n<li><b>Dor:<\/b> muitas pessoas sentem dor ao evacuar, seja devido \u00e0 press\u00e3o que \u00e9 necess\u00e1ria para expelir as fezes ou devido \u00e0 irrita\u00e7\u00e3o que pode ocorrer no canal anal.<\/li>\n<li><b>Incha\u00e7o abdominal:<\/b> quando as fezes ficam retidas no intestino, elas podem fazer com que o abd\u00f4men fique inchado e dolorido.<\/li>\n<li><b>N\u00e1useas:<\/b> algumas pessoas podem sentir n\u00e1useas e at\u00e9 mesmo vomitar devido ao desconforto causado pela dificuldade para evacuar.<\/li>\n<\/ul>\n<p>Se voc\u00ea est\u00e1 enfrentando esses sintomas com frequ\u00eancia, \u00e9 importante buscar ajuda profissional. O m\u00e9dico poder\u00e1 examin\u00e1-lo e identificar a causa da dificuldade para evacuar. Algumas das causas mais comuns incluem:<\/p>\n<table>\n<tr>\n<th>Causa<\/th>\n<th>Descri\u00e7\u00e3o<\/th>\n<\/tr>\n<tr>\n<td>Constipa\u00e7\u00e3o intestinal<\/td>\n<td>Quando as fezes ficam retidas no intestino devido \u00e0 falta de l\u00edquidos e fibras na alimenta\u00e7\u00e3o.<\/td>\n<\/tr>\n<tr>\n<td>Hemorroidas<\/td>\n<td>Prolapso das veias do canal anal, causando sangramento e dor ao evacuar.<\/td>\n<\/tr>\n<tr>\n<td>S\u00edndrome do intestino irrit\u00e1vel<\/td>\n<td>Dist\u00farbio intestinal que causa dor abdominal, incha\u00e7o e diarreia ou constipa\u00e7\u00e3o.<\/td>\n<\/tr>\n<\/table>\n<p>Ao identificar a causa da dificuldade para evacuar, o m\u00e9dico poder\u00e1 indicar o tratamento mais adequado. Em alguns casos, mudan\u00e7as na alimenta\u00e7\u00e3o e estilo de vida podem ser suficientes para resolver o problema. Em outros casos, pode ser necess\u00e1rio o uso de medicamentos ou at\u00e9 mesmo cirurgia. O importante \u00e9 n\u00e3o ignorar os sintomas e buscar ajuda profissional o mais r\u00e1pido poss\u00edvel.<\/p>\n<h2>4. A import\u00e2ncia do acompanhamento m\u00e9dico e psicol\u00f3gico para crian\u00e7as que prendem as fezes<\/h2>\n<p>Crian\u00e7as que prendem as fezes podem ter problemas de sa\u00fade, f\u00edsicos e psicol\u00f3gicos graves. Em alguns casos, a constipa\u00e7\u00e3o pode at\u00e9 causar les\u00f5es no intestino e dores intensas. Por isso, \u00e9 importante que as crian\u00e7as que enfrentam esse problema recebam acompanhamento m\u00e9dico e psicol\u00f3gico adequado.<\/p>\n<p>Para ajudar os pais a compreenderem melhor a import\u00e2ncia desse acompanhamento, reunimos algumas informa\u00e7\u00f5es importantes. Confira abaixo:<\/p>\n<p>&#8211; O m\u00e9dico pode prescrever medicamentos para aliviar as dores e soltar as fezes retidas. Al\u00e9m disso, ele pode solicitar exames para investigar as causas do problema e orientar sobre mudan\u00e7as na dieta e no estilo de vida.<br \/>\n&#8211; O psic\u00f3logo pode trabalhar com a crian\u00e7a e com a fam\u00edlia para identificar os fatores emocionais envolvidos na constipa\u00e7\u00e3o. Muitas vezes, esse problema est\u00e1 relacionado a fatores como ansiedade, medo ou estresse, e o tratamento psicol\u00f3gico pode ajudar a crian\u00e7a a lidar melhor com esses sentimentos e superar o problema.<br \/>\n&#8211; \u00c9 importante que os pais estejam atentos aos sintomas e procurem ajuda especializada caso percebam que a crian\u00e7a est\u00e1 com dificuldades para evacuar regularmente. Quanto mais cedo o diagn\u00f3stico e o tratamento forem feitos, maiores as chances de sucesso e menores os riscos de complica\u00e7\u00f5es.<\/p>\n<p>Para finalizar, \u00e9 importante refor\u00e7ar que a constipa\u00e7\u00e3o infantil \u00e9 um problema s\u00e9rio que deve ser tratado com seriedade e cuidado. A sa\u00fade f\u00edsica e emocional da crian\u00e7a est\u00e1 em jogo, e o acompanhamento m\u00e9dico e psicol\u00f3gico pode ser fundamental para ajud\u00e1-la a superar o problema e ter uma vida mais saud\u00e1vel e feliz. Em resumo, a constipa\u00e7\u00e3o em crian\u00e7as \u00e9 algo muito comum e pode ser resolvido com certas mudan\u00e7as no estilo de vida e dieta alimentar. Se o seu filho est\u00e1 prendendo as fezes e recusa-se a defecar, \u00e9 importante buscar ajuda m\u00e9dica imediatamente para evitar que se torne um problema cr\u00f4nico. Com a ajuda de uma equipe m\u00e9dica, terapia comportamental e suporte emocional, seu filho poder\u00e1 superar essa fase e ter uma vida sem desconforto. Lembre-se tamb\u00e9m de que a paci\u00eancia e o carinho s\u00e3o essenciais nesse processo. Com o tempo e o tratamento adequado, o problema pode ser resolvido e seu filho poder\u00e1 viver livre da constipa\u00e7\u00e3o.<\/p>\n<p><img decoding=\"async\" src=\"https:\/\/alvolocal.com\/conteudo\/wp-content\/uploads\/2023\/04\/6552-meu-filho-prende-as-fezes-o-que-fazer-meu-filho-de-6-anos-se-recusa-a-defecar-desde-os-3-anos-com-periodos-de-melhora.jpg\" alt=\"Meu Filho Prende As Fezes O Que Fazer: Meu filho de 6 anos se recusa a defecar desde os 3 anos, com per\u00edodos de melhora.\" ><\/p>\n","protected":false},"excerpt":{"rendered":"<p>Meu filho, que agora tem 6 anos, tem um problema que tem me preocupado desde os seus 3 anos de idade. Ele se recusa a defecar, prendendo as fezes por per\u00edodos prolongados. Apesar de alguns momentos de melhora, o problema persiste. Por isso, \u00e9 importante entender o que pode estar causando isso e como ajud\u00e1-lo.<\/p>\n","protected":false},"author":1,"featured_media":1484,"comment_status":"open","ping_status":"open","sticky":false,"template":"","format":"standard","meta":[],"categories":[5,3,4],"tags":[],"aioseo_notices":[],"_links":{"self":[{"href":"https:\/\/medicinaatual.com.br\/blog\/index.php\/wp-json\/wp\/v2\/posts\/886"}],"collection":[{"href":"https:\/\/medicinaatual.com.br\/blog\/index.php\/wp-json\/wp\/v2\/posts"}],"about":[{"href":"https:\/\/medicinaatual.com.br\/blog\/index.php\/wp-json\/wp\/v2\/types\/post"}],"author":[{"embeddable":true,"href":"https:\/\/medicinaatual.com.br\/blog\/index.php\/wp-json\/wp\/v2\/users\/1"}],"replies":[{"embeddable":true,"href":"https:\/\/medicinaatual.com.br\/blog\/index.php\/wp-json\/wp\/v2\/comments?post=886"}],"version-history":[{"count":0,"href":"https:\/\/medicinaatual.com.br\/blog\/index.php\/wp-json\/wp\/v2\/posts\/886\/revisions"}],"wp:featuredmedia":[{"embeddable":true,"href":"https:\/\/medicinaatual.com.br\/blog\/index.php\/wp-json\/wp\/v2\/media\/1484"}],"wp:attachment":[{"href":"https:\/\/medicinaatual.com.br\/blog\/index.php\/wp-json\/wp\/v2\/media?parent=886"}],"wp:term":[{"taxonomy":"category","embeddable":true,"href":"https:\/\/medicinaatual.com.br\/blog\/index.php\/wp-json\/wp\/v2\/categories?post=886"},{"taxonomy":"post_tag","embeddable":true,"href":"https:\/\/medicinaatual.com.br\/blog\/index.php\/wp-json\/wp\/v2\/tags?post=886"}],"curies":[{"name":"wp","href":"https:\/\/api.w.org\/{rel}","templated":true}]}}