{"id":893,"date":"2023-04-25T16:22:30","date_gmt":"2023-04-25T19:22:30","guid":{"rendered":"https:\/\/medicinaatual.com.br\/blog\/?p=893"},"modified":"2023-04-25T16:22:30","modified_gmt":"2023-04-25T19:22:30","slug":"contencao-fixa-contencao-fixa-inferior-com-defeito-ha-menos-de-11-anos-e-falta-de-recursos-para-conserto","status":"publish","type":"post","link":"https:\/\/medicinaatual.com.br\/blog\/index.php\/2023\/04\/25\/contencao-fixa-contencao-fixa-inferior-com-defeito-ha-menos-de-11-anos-e-falta-de-recursos-para-conserto\/","title":{"rendered":"Contencao Fixa: Conten\u00e7\u00e3o fixa inferior com defeito h\u00e1 menos de 11 anos e falta de recursos para conserto."},"content":{"rendered":"<p>Conten\u00e7\u00e3o fixa \u00e9 um dispositivo essencial para manter a posi\u00e7\u00e3o dos dentes ap\u00f3s o tratamento ortod\u00f4ntico. No entanto, um dos principais desafios enfrentados pelos pacientes \u00e9 a falta de recursos financeiros para lidar com poss\u00edveis defeitos. Neste contexto, a contens\u00e3o fixa inferior com defeito h\u00e1 menos de 11 anos \u00e9 uma situa\u00e7\u00e3o que merece aten\u00e7\u00e3o, j\u00e1 que pode comprometer o resultado do tratamento ortod\u00f4ntico. Neste artigo, vamos explorar as poss\u00edveis solu\u00e7\u00f5es para este problema e discutir a import\u00e2ncia de manter a sa\u00fade bucal em dia.<\/p>\n<h2>1. Uma situa\u00e7\u00e3o desafiadora: Conten\u00e7\u00e3o fixa inferior com defeito h\u00e1 menos de 11 anos<\/h2>\n<p>Muitos pacientes chegam aos consult\u00f3rios odontol\u00f3gicos com casos desafiadores e essa \u00e9 a proposta deste post: apresentar uma situa\u00e7\u00e3o complexa e como ela pode ser resolvida. Neste caso, estamos falando de uma conten\u00e7\u00e3o fixa inferior com defeito em um per\u00edodo inferior a 11 anos.<\/p>\n<p>A conten\u00e7\u00e3o fixa inferior \u00e9 um aparelho que, como o nome sugere, \u00e9 fixado na parte inferior dos dentes para mant\u00ea-los no lugar ap\u00f3s o uso de aparelhos ortod\u00f4nticos. Por\u00e9m, assim como qualquer dispositivo, ele pode apresentar problemas com o passar do tempo.<\/p>\n<ul>\n<li>Defeitos na fia\u00e7\u00e3o<\/li>\n<li>Descolamento da pe\u00e7a<\/li>\n<li>Quebra de pe\u00e7as<\/li>\n<\/ul>\n<p>Existem v\u00e1rias op\u00e7\u00f5es para solucionar esse problema que podem ser desde a troca da fia\u00e7\u00e3o at\u00e9 a indica\u00e7\u00e3o de uma nova conten\u00e7\u00e3o fixa ou remov\u00edvel. Com uma avalia\u00e7\u00e3o do caso, o profissional poder\u00e1 indicar o melhor tratamento para o paciente.<\/p>\n<table>\n<tr>\n<th>Op\u00e7\u00f5es de Tratamento:<\/th>\n<\/tr>\n<tr>\n<td>Troca de fia\u00e7\u00e3o<\/td>\n<\/tr>\n<tr>\n<td>Nova conten\u00e7\u00e3o fixa<\/td>\n<\/tr>\n<tr>\n<td>Conten\u00e7\u00e3o remov\u00edvel<\/td>\n<\/tr>\n<\/table>\n<p>Independentemente da op\u00e7\u00e3o escolhida, \u00e9 importante que o paciente entenda a import\u00e2ncia de manter a conten\u00e7\u00e3o ap\u00f3s o tratamento ortod\u00f4ntico para evitar que os dentes retornem \u00e0 posi\u00e7\u00e3o anterior. Al\u00e9m disso, manter uma boa higiene bucal e visitar regularmente o dentista s\u00e3o medidas fundamentais para a sa\u00fade oral.<\/p>\n<h2>2. Falta de recursos: A dif\u00edcil realidade de quem n\u00e3o pode pagar pelo conserto<\/h2>\n<p>Existem pessoas que est\u00e3o enfrentando um grande problema, a falta de recursos financeiros para pagar pelo conserto de seus bens. Seja um carro, uma geladeira ou um celular, esses objetos s\u00e3o essenciais para o nosso dia a dia e a falta deles pode acarretar diversas dificuldades.<\/p>\n<p>Essa quest\u00e3o \u00e9 ainda mais complicada para aqueles que dependem desses bens para trabalhar e garantir o sustento pr\u00f3prio e da fam\u00edlia. Infelizmente, muitas vezes essas pessoas s\u00e3o obrigadas a conviver com a necessidade de conserto, mas sem ter condi\u00e7\u00f5es financeiras para arcar com o servi\u00e7o.<\/p>\n<p>Algumas op\u00e7\u00f5es para essas pessoas s\u00e3o buscar por servi\u00e7os de conserto mais acess\u00edveis, como cooperativas e empresas sociais que oferecem pre\u00e7os mais baixos. Outra alternativa \u00e9 buscar por ajuda em programas sociais do governo, que podem oferecer aux\u00edlio financeiro para o conserto de alguns bens.<\/p>\n<p>Confira abaixo uma tabela com informa\u00e7\u00f5es sobre cooperativas e empresas sociais que oferecem servi\u00e7os de conserto mais acess\u00edveis:<\/p>\n<table>\n<tr>\n<th>Empresa\/Cooperativa<\/th>\n<th>Servi\u00e7os oferecidos<\/th>\n<th>Localiza\u00e7\u00e3o<\/th>\n<th>Pre\u00e7os m\u00e9dios<\/th>\n<\/tr>\n<tr>\n<td>Cooperativa de Eletricistas de S\u00e3o Paulo<\/td>\n<td>Conserto de eletrodom\u00e9sticos e instala\u00e7\u00f5es el\u00e9tricas<\/td>\n<td>S\u00e3o Paulo &#8211; SP<\/td>\n<td>R$ 50 a R$ 200 por servi\u00e7o<\/td>\n<\/tr>\n<tr>\n<td>SOS M\u00e1quinas de Lavar<\/td>\n<td>Conserto de m\u00e1quinas de lavar roupa<\/td>\n<td>Rio de Janeiro &#8211; RJ<\/td>\n<td>R$ 80 a R$ 150 por servi\u00e7o<\/td>\n<\/tr>\n<tr>\n<td>SOS Celular<\/td>\n<td>Conserto de celulares e tablets<\/td>\n<td>Bras\u00edlia &#8211; DF<\/td>\n<td>R$ 100 a R$ 300 por servi\u00e7o<\/td>\n<\/tr>\n<\/table>\n<h2>3. Alternativas vi\u00e1veis: Poss\u00edveis solu\u00e7\u00f5es para lidar com a conten\u00e7\u00e3o fixa com defeito<\/h2>\n<p>Uma conten\u00e7\u00e3o fixa incorretamente projetada pode trazer uma s\u00e9rie de problemas que prejudicam a sa\u00fade bucal do paciente. Felizmente, existem algumas alternativas vi\u00e1veis \u200b\u200bque podem ajudar a lidar com a conten\u00e7\u00e3o fixa com defeito antes de procurar a ajuda de um ortodontista.<\/p>\n<p>Uma das op\u00e7\u00f5es \u00e9 o uso de uma conten\u00e7\u00e3o m\u00f3vel no aguardo da repara\u00e7\u00e3o do aparelho fixo. Existem diversas op\u00e7\u00f5es no mercado, desde as mais simples at\u00e9 as mais complexas. A conten\u00e7\u00e3o m\u00f3vel \u00e9 uma alternativa interessante, pois oferece praticidade ao paciente enquanto aguarda a repara\u00e7\u00e3o da conten\u00e7\u00e3o fixa.<\/p>\n<p>Outra op\u00e7\u00e3o \u00e9 usar fios ortod\u00f4nticos adicionais. Eles s\u00e3o mais simples de serem incorporados na estrutura dos dentes, e podem ajudar a manter a estabilidade da arcada dent\u00e1ria enquanto a conten\u00e7\u00e3o fixa \u00e9 reparada. Vale lembrar que, assim como as conten\u00e7\u00f5es m\u00f3veis, os fios ortod\u00f4nticos adicionais tamb\u00e9m devem ser indicados pelo ortodontista.<\/p>\n<p>Por fim, a melhor alternativa para lidar com uma conten\u00e7\u00e3o fixa com defeito \u00e9 procurar um ortodontista o mais r\u00e1pido poss\u00edvel. Apenas o profissional poder\u00e1 avaliar a situa\u00e7\u00e3o e indicar a melhor solu\u00e7\u00e3o para o caso em particular. \u00c9 importante n\u00e3o tentar resolver o problema por conta pr\u00f3pria ou prolongar a ida ao dentista, pois isso pode agravar ainda mais a situa\u00e7\u00e3o.<\/p>\n<h2>4. A import\u00e2ncia da conten\u00e7\u00e3o fixa e a busca por uma solu\u00e7\u00e3o acess\u00edvel<\/h2>\n<p>Uma quest\u00e3o importante na \u00e1rea da odontologia \u00e9 a necessidade da conten\u00e7\u00e3o fixa depois do tratamento ortod\u00f4ntico. Al\u00e9m de manter o resultado conquistado, a conten\u00e7\u00e3o ajuda a evitar que os dentes voltem \u00e0 posi\u00e7\u00e3o original. \u00c9 essencial que o paciente siga as orienta\u00e7\u00f5es do dentista e fa\u00e7a a manuten\u00e7\u00e3o da conten\u00e7\u00e3o durante todo o tempo necess\u00e1rio.<\/p>\n<p>No entanto, muitas vezes o custo da conten\u00e7\u00e3o fixa pode ser um empecilho para os pacientes, principalmente para aqueles que n\u00e3o t\u00eam plano de sa\u00fade. Por isso, \u00e9 importante buscar por solu\u00e7\u00f5es acess\u00edveis. Uma op\u00e7\u00e3o \u00e9 investigar planos de sa\u00fade odontol\u00f3gicos que ofere\u00e7am cobertura para esse tipo de tratamento. Outra alternativa \u00e9 procurar por cl\u00ednicas que ofere\u00e7am descontos na coloca\u00e7\u00e3o da conten\u00e7\u00e3o ou por op\u00e7\u00f5es de parcelamento. O importante \u00e9 n\u00e3o deixar de lado a manuten\u00e7\u00e3o da conten\u00e7\u00e3o para garantir o sucesso do tratamento ortod\u00f4ntico. <\/p>\n<table>\n<thead>\n<tr>\n<th>Op\u00e7\u00f5es de planos de sa\u00fade odontol\u00f3gicos<\/th>\n<th>Cobertura para conten\u00e7\u00e3o fixa?<\/th>\n<\/tr>\n<\/thead>\n<tbody>\n<tr>\n<td>OdontoPrev<\/td>\n<td>Sim<\/td>\n<\/tr>\n<tr>\n<td>Amil Dental<\/td>\n<td>Sim<\/td>\n<\/tr>\n<tr>\n<td>Odonto System<\/td>\n<td>Sim<\/td>\n<\/tr>\n<tr>\n<td>Brazilian Dental<\/td>\n<td>Sujeito a regras do plano<\/td>\n<\/tr>\n<\/tbody>\n<\/table>\n<p>N\u00e3o deixe de conversar com seu dentista sobre suas preocupa\u00e7\u00f5es quanto \u00e0 conten\u00e7\u00e3o fixa e pergunte sobre poss\u00edveis solu\u00e7\u00f5es acess\u00edveis no seu caso. Lembre-se que investir na sa\u00fade bucal \u00e9 sempre um ganho a longo prazo. E assim terminamos este artigo que discutiu a realidade de muitos pacientes que, por falta de recursos financeiros, encontram-se em uma situa\u00e7\u00e3o de conten\u00e7\u00e3o fixa inferior com defeito h\u00e1 menos de 11 anos. Embora esse seja um problema delicado e que requer aten\u00e7\u00e3o da sociedade e das autoridades respons\u00e1veis, ainda h\u00e1 esperan\u00e7a para aqueles que enfrentam essa quest\u00e3o. \u00c9 necess\u00e1rio buscar alternativas e solu\u00e7\u00f5es para que a sa\u00fade bucal desses pacientes n\u00e3o seja comprometida. Que esse texto sirva como um alerta e motivador para que juntos possamos encontrar caminhos para garantir a assist\u00eancia odontol\u00f3gica de qualidade a todos.<\/p>\n<p><img decoding=\"async\" src=\"https:\/\/alvolocal.com\/conteudo\/wp-content\/uploads\/2023\/04\/6566-contencao-fixa-contencao-fixa-inferior-com-defeito-ha-menos-de-11-anos-e-falta-de-recursos-para-conserto.jpg\" alt=\"Contencao Fixa: Conten\u00e7\u00e3o fixa inferior com defeito h\u00e1 menos de 11 anos e falta de recursos para conserto.\" ><\/p>\n","protected":false},"excerpt":{"rendered":"<p>A conten\u00e7\u00e3o fixa \u00e9 uma das formas mais eficazes para manter os dentes alinhados ap\u00f3s o tratamento ortod\u00f4ntico, mas e quando ela apresenta defeitos? Infelizmente, muitos pacientes brasileiros enfrentam a falta de recursos para o conserto de suas conten\u00e7\u00f5es inferiores, o que pode levar a s\u00e9rios problemas de sa\u00fade bucal. Nesse caso, \u00e9 importante buscar op\u00e7\u00f5es alternativas de tratamento com um profissional qualificado.<\/p>\n","protected":false},"author":1,"featured_media":1477,"comment_status":"open","ping_status":"open","sticky":false,"template":"","format":"standard","meta":[],"categories":[5,3,4],"tags":[],"aioseo_notices":[],"_links":{"self":[{"href":"https:\/\/medicinaatual.com.br\/blog\/index.php\/wp-json\/wp\/v2\/posts\/893"}],"collection":[{"href":"https:\/\/medicinaatual.com.br\/blog\/index.php\/wp-json\/wp\/v2\/posts"}],"about":[{"href":"https:\/\/medicinaatual.com.br\/blog\/index.php\/wp-json\/wp\/v2\/types\/post"}],"author":[{"embeddable":true,"href":"https:\/\/medicinaatual.com.br\/blog\/index.php\/wp-json\/wp\/v2\/users\/1"}],"replies":[{"embeddable":true,"href":"https:\/\/medicinaatual.com.br\/blog\/index.php\/wp-json\/wp\/v2\/comments?post=893"}],"version-history":[{"count":0,"href":"https:\/\/medicinaatual.com.br\/blog\/index.php\/wp-json\/wp\/v2\/posts\/893\/revisions"}],"wp:featuredmedia":[{"embeddable":true,"href":"https:\/\/medicinaatual.com.br\/blog\/index.php\/wp-json\/wp\/v2\/media\/1477"}],"wp:attachment":[{"href":"https:\/\/medicinaatual.com.br\/blog\/index.php\/wp-json\/wp\/v2\/media?parent=893"}],"wp:term":[{"taxonomy":"category","embeddable":true,"href":"https:\/\/medicinaatual.com.br\/blog\/index.php\/wp-json\/wp\/v2\/categories?post=893"},{"taxonomy":"post_tag","embeddable":true,"href":"https:\/\/medicinaatual.com.br\/blog\/index.php\/wp-json\/wp\/v2\/tags?post=893"}],"curies":[{"name":"wp","href":"https:\/\/api.w.org\/{rel}","templated":true}]}}